{"2344290":{"titulo":"Primavera quebra recordes na Copa Paulista e vive ano m\u00e1gico","link":"https:\/\/www.futebolinterior.com.br\/primavera-quebra-recordes-na-copa-paulista-e-vive-ano-magico\/","chapeu":"MARCA","data":"04\/09\/2025","imagem":"https:\/\/images.futebolinterior.com.br\/2025\/09\/IMG_3352-300x134.webp","resumo":""},"2344279":{"titulo":"S\u00e3o Jos\u00e9 tem retornos e segue prepara\u00e7\u00e3o para enfrentar o Comercial","link":"https:\/\/www.futebolinterior.com.br\/sao-jose-tem-retornos-e-segue-preparacao-para-enfrentar-o-comercial\/","chapeu":"FOCO","data":"04\/09\/2025","imagem":"https:\/\/images.futebolinterior.com.br\/2025\/09\/IMG_3351-300x129.webp","resumo":""},"2344235":{"titulo":"Goleiro do Comercial valoriza treinos ap\u00f3s classifica\u00e7\u00e3o heroica","link":"https:\/\/www.futebolinterior.com.br\/goleiro-do-comercial-valoriza-treinos-apos-classificacao-heroica\/","chapeu":"DESTAQUE","data":"04\/09\/2025","imagem":"https:\/\/images.futebolinterior.com.br\/2025\/09\/IMG_3350-300x137.webp","resumo":""},"2344258":{"titulo":"Invicto, Gr\u00eamio Prudente avan\u00e7a \u00e0s quartas da Copa Paulista sob o comando de Rog\u00e9rio Corr\u00eaa","link":"https:\/\/www.futebolinterior.com.br\/tecnico-gremio-prudente-copa-paulista-5\/","chapeu":"FOCO TOTAL","data":"04\/09\/2025","imagem":"https:\/\/images.futebolinterior.com.br\/2025\/09\/image-300x201.webp","resumo":"Representando Presidente Prudente, o Gr\u00eamio Prudente disputou 10 jogos: venceu cinco e empatou outros cinco"},"2344210":{"titulo":"Francana intensifica prepara\u00e7\u00e3o para quartas da Copa Paulista","link":"https:\/\/www.futebolinterior.com.br\/francana-intensifica-preparacao-para-quartas-da-copa-paulista\/","chapeu":"FOCO","data":"04\/09\/2025","imagem":"https:\/\/images.futebolinterior.com.br\/2025\/09\/IMG_3347-300x154.webp","resumo":""},"2344142":{"titulo":"T\u00e9cnico da Francana projeta quartas de final e celebra invencibilidade na Copa Paulista","link":"https:\/\/www.futebolinterior.com.br\/tecnico-francana-fala-copa-paulista-3\/","chapeu":"BOM MOMENTO","data":"04\/09\/2025","imagem":"https:\/\/images.futebolinterior.com.br\/2025\/09\/6gk9i0DM-image-300x216.webp","resumo":"O treinador ocupa a segunda coloca\u00e7\u00e3o no ranking nacional de tempo cont\u00ednuo \u00e0 frente de um clube, ficando atr\u00e1s apenas de Abel Ferreira (Palmeiras)"},"2343958":{"titulo":"XV de Piracicaba foca nas decis\u00f5es que valer\u00e3o vaga nas semifinais da Copa Paulista","link":"https:\/\/www.futebolinterior.com.br\/xv-de-piracicaba-foca-copa-paulista\/","chapeu":"PREPARA\u00c7\u00c3O","data":"04\/09\/2025","imagem":"https:\/\/images.futebolinterior.com.br\/2025\/09\/image-300x210.webp","resumo":"O elenco quinzista voltou aos treinos nesta semana, ap\u00f3s eliminar o Ara\u00e7atuba nas oitavas de final \u2014 vit\u00f3ria por 2 a 0 em Piracicaba e derrota por 1 a 0 fora de casa"},"2343955":{"titulo":"Copa Paulista: Experiente, Roberval Davino fala sobre a for\u00e7a do Comercial na reta final","link":"https:\/\/www.futebolinterior.com.br\/tecnico-comercial-fala-copa-paulista\/","chapeu":"GRANDE MOMENTO","data":"04\/09\/2025","imagem":"https:\/\/images.futebolinterior.com.br\/2025\/09\/image-300x147.webp","resumo":"Nos dois jogos, a Inter venceu por 1 a 0 em Limeira, e nesta ter\u00e7a-feira, no est\u00e1dio Palma Travassos, o Bafo devolveu o placar e levou a decis\u00e3o para as penalidades"},"2343951":{"titulo":"Copa Paulista: T\u00e9cnico do Uni\u00e3o S\u00e3o Jo\u00e3o elogia o time e pensa no duelo contra o Primavera","link":"https:\/\/www.futebolinterior.com.br\/tecnico-uniao-sao-joao-copa-paulista-3\/","chapeu":"FOCO TOTAL","data":"04\/09\/2025","imagem":"https:\/\/images.futebolinterior.com.br\/2025\/09\/image-300x197.webp","resumo":"O treinador tamb\u00e9m comentou sobre o confronto com o Primavera, que eliminou o Paulista de Jundia\u00ed. Sacramento demonstrou respeito pelo advers\u00e1rio de Indaiatuba"},"2343852":{"titulo":"Copa Paulista: Comercial come\u00e7a a vender ingressos para o jogo contra o S\u00e3o Jos\u00e9","link":"https:\/\/www.futebolinterior.com.br\/comercial-inicia-venda-ingressos-copa\/","chapeu":"GARANTA O SEU","data":"03\/09\/2025","imagem":"https:\/\/images.futebolinterior.com.br\/2025\/09\/image-300x204.webp","resumo":"A diretoria disponibilizou um lote promocional com 1.000 ingressos de arquibancada, ao valor de R$ 20, e 1.000 ingressos de cadeiras cativas, por R$ 30"}}