{"2345413":{"titulo":"Oeste 0 x 1 XV de Piracicaba - Nh\u00f4 Quim abre vantagem nas quartas da Copa Paulista","link":"https:\/\/www.futebolinterior.com.br\/oeste-0-x-1-xv-de-piracicaba-nho-quim-abre-vantagem-nas-quartas-da-copa-paulista\/","chapeu":"NA FRENTE!","data":"06\/09\/2025","imagem":"https:\/\/images.futebolinterior.com.br\/2025\/09\/Captura-de-Tela-2025-09-06-as-16.50.55-300x242.webp","resumo":"XV derrotou o Oeste por 1 a 0 no Jos\u00e9 Liberatti, neste s\u00e1bado, e abriu vantagem por vaga na semifinal da Copa Paulista"},"2344895":{"titulo":"Comercial x S\u00e3o Jos\u00e9 - Cl\u00e1ssico do interior no feriado de 7 de Setembro","link":"https:\/\/www.futebolinterior.com.br\/comercial-e-sao-jose-pela-copa-paulista\/","chapeu":"JOG\u00c3O","data":"06\/09\/2025","imagem":"https:\/\/images.futebolinterior.com.br\/2025\/09\/image-300x236.webp","resumo":"O jogo de volta entre a \u00c1guia do Vale e o Bafo de Ribeir\u00e3o Preto est\u00e1 previsto para o dia 13 de setembro, \u00e0s 16h, no est\u00e1dio Martins Pereira, em S\u00e3o Jos\u00e9 dos Campos"},"2344943":{"titulo":"COPA PAULISTA: Domingo com grandes jogos pelas Quartas","link":"https:\/\/www.futebolinterior.com.br\/copa-paulista-domingo-com-grandes-jogos-pelas-quartas\/","chapeu":"IDA","data":"06\/09\/2025","imagem":"https:\/\/images.futebolinterior.com.br\/2025\/09\/IMG_3436-300x134.webp","resumo":""},"2345307":{"titulo":"Conselho do S\u00e3o Bento definir\u00e1 proposta de SAF at\u00e9 16 de setembro","link":"https:\/\/www.futebolinterior.com.br\/diretoria-tratativas-saf-do-sao-bento\/","chapeu":"AGORA VAI?","data":"06\/09\/2025","imagem":"https:\/\/images.futebolinterior.com.br\/2025\/09\/image-300x187.webp","resumo":"Na noite de quinta-feira (5), o Conselho Deliberativo do clube se reuniu na sede do CT Humberto Reale para deliberar sobre a continuidade das negocia\u00e7\u00f5es"},"2345156":{"titulo":"Davino e Marchiori: compet\u00eancia em campo em duas gera\u00e7\u00f5es","link":"https:\/\/www.futebolinterior.com.br\/davino-e-treinadores-na-copa-paulista\/","chapeu":"PROFESSOR","data":"05\/09\/2025","imagem":"https:\/\/images.futebolinterior.com.br\/2025\/09\/image-300x229.webp","resumo":"Fernando Marchiori Lavagnolli, de 46 anos, vem acumulando conquistas expressivas apesar da idade. Revelado como atleta em 1997 na Portuguesa"},"2344925":{"titulo":"Oeste x XV de Piracicaba - Onde assistir, hor\u00e1rio e escala\u00e7\u00f5es!","link":"https:\/\/www.futebolinterior.com.br\/oeste-x-xv-de-piracicaba-onde-assistir-horario-e-escalacoes\/","chapeu":"JOG\u00c3O ","data":"05\/09\/2025","imagem":"https:\/\/images.futebolinterior.com.br\/2025\/09\/IMG_3435-300x137.webp","resumo":""},"2344859":{"titulo":"Marelli valoriza classifica\u00e7\u00e3o do S\u00e3o Jos\u00e9 e projeta quartas","link":"https:\/\/www.futebolinterior.com.br\/marelli-valoriza-classificacao-do-sao-jose-e-projeta-quartas\/","chapeu":"CONFIANTE","data":"05\/09\/2025","imagem":"https:\/\/images.futebolinterior.com.br\/2025\/09\/IMG_3434-300x183.webp","resumo":""},"2344848":{"titulo":"Com pegada sustent\u00e1vel, XV lan\u00e7a camisa inspirada no Rio Piracicaba","link":"https:\/\/www.futebolinterior.com.br\/com-pegada-sustentavel-xv-lanca-camisa-inspirada-no-rio-piracicaba\/","chapeu":"NOVIDADE","data":"05\/09\/2025","imagem":"https:\/\/images.futebolinterior.com.br\/2025\/09\/IMG_3430-300x138.webp","resumo":""},"2344811":{"titulo":"Fora da Copa Paulista, Portuguesa Santista fica com apenas 10 jogadores no elenco","link":"https:\/\/www.futebolinterior.com.br\/fora-da-copa-paulista-portuguesa-santista-fica-com-apenas-10-jogadores-no-elenco\/","chapeu":"RECOME\u00c7O ","data":"05\/09\/2025","imagem":"https:\/\/images.futebolinterior.com.br\/2025\/09\/IMG_3426-300x151.webp","resumo":""},"2344700":{"titulo":"Quartas da Copa Paulista: Conhe\u00e7a os t\u00e9cnicos que comandam a corrida pela vaga nacional","link":"https:\/\/www.futebolinterior.com.br\/quartas-da-copa-paulista-conheca-os-tecnicos-que-comandam-a-corrida-pela-vaga-nacional\/","chapeu":"ESPECIAL","data":"05\/09\/2025","imagem":"https:\/\/images.futebolinterior.com.br\/2025\/09\/Captura-de-Tela-2025-09-05-as-14.14.21-300x181.webp","resumo":"Especial Futebol Interior mostra quem s\u00e3o os treinadores que seguem vivos no torneio, seus estilos, trajet\u00f3rias e como projetam os confrontos decisivos"}}