{"2347852":{"titulo":"Rio Branco define sa\u00eddas e perman\u00eancias ap\u00f3s Copa Paulista","link":"https:\/\/www.futebolinterior.com.br\/rio-branco-define-saidas-e-permanencias-apos-copa-paulista\/","chapeu":"PLANOS","data":"11\/09\/2025","imagem":"https:\/\/images.futebolinterior.com.br\/2025\/09\/9e3f3813-807b-4b1f-a74a-8c03bfe8b09c-300x200.webp","resumo":""},"2347607":{"titulo":"Copa Paulista: XV de Piracicaba inicia a venda de ingressos para o jogo contra o Oeste","link":"https:\/\/www.futebolinterior.com.br\/xv-de-piracicaba-ingressos-copa-paulist\/","chapeu":"DECIS\u00c3O","data":"10\/09\/2025","imagem":"https:\/\/images.futebolinterior.com.br\/2025\/09\/kWTlca59-image-300x214.webp","resumo":"O Nh\u00f4 Quim chega com vantagem ap\u00f3s vencer o jogo de ida, em Osasco, por 1 a 0. A expectativa \u00e9 de casa cheia para empurrar o time em busca da vaga na semifinal"},"2347594":{"titulo":"Copa Paulista: S\u00e3o Jos\u00e9 j\u00e1 vendeu 1.200 ingressos para duelo com Comercial","link":"https:\/\/www.futebolinterior.com.br\/sao-jose-ingressos-copa-paulista\/","chapeu":"VAI LOTAR","data":"10\/09\/2025","imagem":"https:\/\/images.futebolinterior.com.br\/2025\/09\/O8yEwFcd-image-300x191.webp","resumo":"Segundo o clube, cerca de 1.200 ingressos j\u00e1 foram garantidos, somando as vendas avulsas nas Lojas Oscar, pela plataforma online saojose.soudaliga.com.br e as reservas realizadas"},"2347413":{"titulo":"Sem calend\u00e1rio, Diego Jussani mant\u00e9m rotina intensa \u00e0 espera de novo clube","link":"https:\/\/www.futebolinterior.com.br\/sem-calendario-diego-jussani-mantem-rotina-intensa-a-espera-de-novo-clube\/","chapeu":"MERCADO","data":"10\/09\/2025","imagem":"https:\/\/images.futebolinterior.com.br\/2025\/09\/IMG_3535-300x168.webp","resumo":""},"2347289":{"titulo":"Copa Paulista: S\u00e3o Jos\u00e9 pode ter novidades no s\u00e1bado, no Martins Pereira","link":"https:\/\/www.futebolinterior.com.br\/sao-jose-se-prepara-copa-paulista\/","chapeu":"PREPARA\u00c7\u00c3O","data":"10\/09\/2025","imagem":"https:\/\/images.futebolinterior.com.br\/2025\/09\/w9T2DRK3-image-300x189.webp","resumo":"Ap\u00f3s perder o jogo de ida por 1 a 0, em Ribeir\u00e3o Preto, a \u00c1guia precisa vencer por pelo menos um gol de diferen\u00e7a para levar a decis\u00e3o aos p\u00eanaltis"},"2347019":{"titulo":"Copa Paulista: Goleiro do Gr\u00eamio Prudente acredita na for\u00e7a do time no Prudent\u00e3o","link":"https:\/\/www.futebolinterior.com.br\/goleiro-gremio-prudente-fala-da-copa\/","chapeu":"CONFIANTE","data":"09\/09\/2025","imagem":"https:\/\/images.futebolinterior.com.br\/2025\/09\/z090sOAD-image-300x219.webp","resumo":"No jogo de ida, disputado no \u00faltimo fim de semana no est\u00e1dio Jos\u00e9 Lancha Filho, em Franca, as equipes empataram por 1 a 1"},"2347002":{"titulo":"Copa Paulista: Francana acredita na classifica\u00e7\u00e3o em Prudente","link":"https:\/\/www.futebolinterior.com.br\/francana-acredita-classificacao-copa\/","chapeu":"FOCO TOTAL","data":"09\/09\/2025","imagem":"https:\/\/images.futebolinterior.com.br\/2025\/09\/XYcSGhLw-image-300x232.webp","resumo":"O time j\u00e1 est\u00e1 concentrado para o duelo decisivo, que acontece no pr\u00f3ximo s\u00e1bado, \u00e0s 16h, no Est\u00e1dio Paulo Constantino (Prudent\u00e3o), em Presidente Prudente"},"2346765":{"titulo":"Marelli lamenta expuls\u00e3o e projeta rea\u00e7\u00e3o do S\u00e3o Jos\u00e9 em casa","link":"https:\/\/www.futebolinterior.com.br\/marelli-lamenta-expulsao-e-projeta-reacao-do-sao-jose-em-casa\/","chapeu":"PREJU\u00cdZO ","data":"09\/09\/2025","imagem":"https:\/\/images.futebolinterior.com.br\/2025\/09\/IMG_3481-300x161.webp","resumo":""},"2346762":{"titulo":"Rog\u00e9rio Corr\u00eaa valoriza empate do Gr\u00eamio Prudente e projeta volta em casa","link":"https:\/\/www.futebolinterior.com.br\/rogerio-correa-valoriza-empate-do-gremio-prudente-e-projeta-volta-em-casa\/","chapeu":"CALMA","data":"09\/09\/2025","imagem":"https:\/\/images.futebolinterior.com.br\/2025\/09\/IMG_3480-300x177.webp","resumo":""},"2346747":{"titulo":"XV se reapresenta de olho no jogo da volta contra o Oeste","link":"https:\/\/www.futebolinterior.com.br\/xv-se-reapresenta-de-olho-no-jogo-da-volta-contra-o-oeste\/","chapeu":"FOCO!","data":"09\/09\/2025","imagem":"https:\/\/images.futebolinterior.com.br\/2025\/09\/IMG_3479-300x129.webp","resumo":""}}