{"2348783":{"titulo":"PLACAR FI: Com S\u00e9rie B, confira os RESULTADOS desta SEXTA-FEIRA","link":"https:\/\/www.futebolinterior.com.br\/confira-o-placar-fi-desta-sexta-feira-7\/","chapeu":"SEXTOU!","data":"12\/09\/2025","imagem":"https:\/\/images.futebolinterior.com.br\/2025\/09\/c2GF9kqe-image-300x222.webp","resumo":"Claro, o\u00a0Placar ao Vivo do Portal Futebol Interior\u00a0acompanhou todos os jogos e traz para voc\u00ea a lista com todos os resultados.\u00a0Confira!"},"2348767":{"titulo":"Copa Paulista: Comercial aposta na intelig\u00eancia t\u00e1tica para encarar o S\u00e3o Jos\u00e9","link":"https:\/\/www.futebolinterior.com.br\/comercial-quer-avancar-copa-paulista\/","chapeu":"CONFIANTE","data":"12\/09\/2025","imagem":"https:\/\/images.futebolinterior.com.br\/2025\/09\/aLUdrcmu-image-300x198.webp","resumo":"Ap\u00f3s vencer o primeiro confronto no Palma Travassos por 1 a 0, o Bafo joga por um empate para garantir a classifica\u00e7\u00e3o"},"2348715":{"titulo":"S\u00e3o Jos\u00e9 x Comercial - Decis\u00e3o no Vale do Para\u00edba","link":"https:\/\/www.futebolinterior.com.br\/sao-jose-e-comercial-pela-copa-paulista\/","chapeu":"VAI SAIR FA\u00cdSCA","data":"12\/09\/2025","imagem":"https:\/\/images.futebolinterior.com.br\/2025\/09\/ogggQHHF-image-300x183.webp","resumo":"O duelo entre o \u00c1guia do Vale e o Le\u00e3o do Norte promete fortes emo\u00e7\u00f5es. No jogo de ida, disputado no Est\u00e1dio Palma Travassos, o Comercial venceu por 1 a 0"},"2348691":{"titulo":"Gr\u00eamio Prudente x Francana - Carcar\u00e1 ou Veterana na Semifinal?","link":"https:\/\/www.futebolinterior.com.br\/gremio-prudente-francana-copa-paulista\/","chapeu":"DECIS\u00c3O","data":"12\/09\/2025","imagem":"https:\/\/images.futebolinterior.com.br\/2025\/09\/9kvuxlcA-image-300x209.webp","resumo":"No jogo de ida, realizado no \u00faltimo domingo (7), no Est\u00e1dio Jos\u00e9 Lancha Filho, em Franca, as equipes empataram por 1 a 1 \u2014 com gols de Rossi para a Francana e Uch\u00f4a"},"2348533":{"titulo":"Uni\u00e3o S\u00e3o Jo\u00e3o 0 x 2 Primavera - Fantasma \u00e9 o 1\u00ba semifinalista da Copa Paulista","link":"https:\/\/www.futebolinterior.com.br\/uniao-sao-joao-0-x-2-primavera-fantasma-e-o-1o-semifinalista-da-copa-paulista\/","chapeu":"CLASSIFICADO","data":"12\/09\/2025","imagem":"https:\/\/images.futebolinterior.com.br\/2025\/09\/Primavera-Brunao-Rodrigo-Menezes-Bigas-2-300x198.webp","resumo":"Brun\u00e3o e Josiel foram os autores dos gols, que terminou com o agregado de 6 a 0."},"2348389":{"titulo":"COPA PAULISTA: Todos querem a Semifinal!","link":"https:\/\/www.futebolinterior.com.br\/copa-paulista-todos-querem-a-semifinal\/","chapeu":"DECIS\u00c3O ","data":"12\/09\/2025","imagem":"https:\/\/images.futebolinterior.com.br\/2025\/09\/IMG_3577-300x147.webp","resumo":""},"2348347":{"titulo":"XV de Piracicaba x Oeste \u2013 Onde assistir, hor\u00e1rio e escala\u00e7\u00f5es!","link":"https:\/\/www.futebolinterior.com.br\/xv-de-piracicaba-x-oeste-onde-assistir-horario-e-escalacoes\/","chapeu":"DECIS\u00c3O ","data":"12\/09\/2025","imagem":"https:\/\/images.futebolinterior.com.br\/2025\/09\/IMG_3575-300x154.webp","resumo":""},"2347930":{"titulo":"Uni\u00e3o S\u00e3o Jo\u00e3o x Primavera - Quem ser\u00e1 o 1\u00aa Semifinalista?","link":"https:\/\/www.futebolinterior.com.br\/uniao-sao-joao-primavera-copa-paulista\/","chapeu":"DECIS\u00c3O","data":"11\/09\/2025","imagem":"https:\/\/images.futebolinterior.com.br\/2025\/09\/VDE6YkaF-image-300x221.webp","resumo":"A equipe de Indaiatuba aplicou um placar \u201cat\u00edpico\u201d para uma decis\u00e3o de vaga: goleou os ararenses por 4 a 0, no Est\u00e1dio Mois\u00e9s Lucarelli, em Campinas"},"2347867":{"titulo":"Paulista inicia reformula\u00e7\u00e3o com tr\u00eas sa\u00eddas confirmadas","link":"https:\/\/www.futebolinterior.com.br\/paulista-inicia-reformulacao-com-tres-saidas-confirmadas\/","chapeu":"ELENCO","data":"11\/09\/2025","imagem":"https:\/\/images.futebolinterior.com.br\/2025\/09\/IMG_3556-300x154.webp","resumo":""},"2347859":{"titulo":"Cai\u00e7ara prev\u00ea \u2018guerra\u2019 em Araras contra o Uni\u00e3o","link":"https:\/\/www.futebolinterior.com.br\/caicara-preve-guerra-em-araras-contra-o-uniao\/","chapeu":"FOCO","data":"11\/09\/2025","imagem":"https:\/\/images.futebolinterior.com.br\/2025\/09\/IMG_3555-300x163.webp","resumo":""}}