{"2346710":{"titulo":"Copa Paulista: Zagueiro do Comercial celebra gol na primeira decis\u00e3o contra o S\u00e3o Jos\u00e9","link":"https:\/\/www.futebolinterior.com.br\/zagueiro-comercial-fala-copa-paulista\/","chapeu":"ARTILHEIRO","data":"09\/09\/2025","imagem":"https:\/\/images.futebolinterior.com.br\/2025\/09\/image-300x234.webp","resumo":"Mineiro de Betim, Cristopher tem 25 anos e j\u00e1 marcou tr\u00eas gols na temporada \u2014 um n\u00famero expressivo para um zagueiro. Foram dois gols na Copa Paulista e um na S\u00e9rie A3"},"2346694":{"titulo":"Copa Paulista: Jogadores do S\u00e3o Jos\u00e9 confiam na vit\u00f3ria contra o Comercial","link":"https:\/\/www.futebolinterior.com.br\/sao-jose-confiante-na-copa-paulista\/","chapeu":"PREPARA\u00c7\u00c3O","data":"09\/09\/2025","imagem":"https:\/\/images.futebolinterior.com.br\/2025\/09\/image-300x267.webp","resumo":"Ap\u00f3s o duelo de ida, o lateral-direito Luiz Gustavo demonstrou otimismo em entrevista \u00e0 Ulisses TV, que transmitiu a partida entre \u00c1guia do Vale e Bafo"},"2346677":{"titulo":"Copa Paulista: T\u00e9cnico do Primavera mant\u00e9m discurso \"p\u00e9s no ch\u00e3o\" para decis\u00e3o em Araras","link":"https:\/\/www.futebolinterior.com.br\/tecnico-primavera-fala-copa-paulista-7\/","chapeu":"FOCO TOTAL","data":"09\/09\/2025","imagem":"https:\/\/images.futebolinterior.com.br\/2025\/09\/image-300x178.webp","resumo":"A equipe de Indaiatuba goleou o Uni\u00e3o S\u00e3o Jo\u00e3o por 4 a 0 nesta segunda-feira, no est\u00e1dio Mois\u00e9s Lucarelli, em Campinas, com gols de Afonso, Brun\u00e3o (2) e Nelsinho"},"2346668":{"titulo":"Chutes de longe e bolas paradas viram arma do Comercial na Copa Paulista","link":"https:\/\/www.futebolinterior.com.br\/tecnico-comercial-fala-copa-paulista-3\/","chapeu":"PREPARA\u00c7\u00c3O","data":"09\/09\/2025","imagem":"https:\/\/images.futebolinterior.com.br\/2025\/09\/p2whrPKq-image-300x182.webp","resumo":"Essas estrat\u00e9gias foram decisivas contra a Inter de Limeira, nas oitavas de final, e tamb\u00e9m diante do S\u00e3o Jos\u00e9-SP, no jogo de ida das quartas de final, no \u00faltimo domingo"},"2346003":{"titulo":"Primavera, XV de Piracicaba e Comercial dominam SELE\u00c7\u00c3O FI da Copa Paulista. Confira!","link":"https:\/\/www.futebolinterior.com.br\/confira-a-selecao-fi-da-copa-paulista-3\/","chapeu":"S\u00d3 AS FERAS","data":"09\/09\/2025","imagem":"https:\/\/images.futebolinterior.com.br\/2025\/09\/oj47MdRn-image-300x257.webp","resumo":"Dois times mandantes venceram, houve tamb\u00e9m um empate, e o XV de Piracicaba foi o \u00fanico visitante indigesto da rodada, ao derrotar o Oeste por 1 a 0, jogando em Osasco"},"2346513":{"titulo":"PLACAR FI: Com Copa Paulista, confira os RESULTADOS desta SEGUNDA-FEIRA","link":"https:\/\/www.futebolinterior.com.br\/placar-fi-desta-segunda-feira-8-9\/","chapeu":"COMPLET\u00c3O","data":"08\/09\/2025","imagem":"https:\/\/images.futebolinterior.com.br\/2025\/09\/oPLBhvDG-image-300x203.webp","resumo":"Claro, o\u00a0Placar ao Vivo do Portal Futebol Interior\u00a0acompanhou todos os jogos e traz para voc\u00ea a lista com todos os resultados.\u00a0Confira!"},"2346471":{"titulo":"Copa Paulista: T\u00e9cnico do Gr\u00eamio Prudente elogia luta em Franca e acredita em bom resultado","link":"https:\/\/www.futebolinterior.com.br\/tecnico-gremio-prudente-copa-paulista-6\/","chapeu":"CONFIANTE","data":"08\/09\/2025","imagem":"https:\/\/images.futebolinterior.com.br\/2025\/09\/IJC4KHAa-image-300x221.webp","resumo":"Na avalia\u00e7\u00e3o do treinador, a partida teve dois momentos distintos. Segundo ele, o Gr\u00eamio Prudente dominou o primeiro tempo, mas sofreu o gol no segundo e mostrou garra"},"2346466":{"titulo":"Copa Paulista: T\u00e9cnico do S\u00e3o Jos\u00e9 confia na virada em casa contra o Comercial","link":"https:\/\/www.futebolinterior.com.br\/tecnico-sao-jose-fala-copa-paulista-6\/","chapeu":"PRECISA VENCER","data":"08\/09\/2025","imagem":"https:\/\/images.futebolinterior.com.br\/2025\/09\/image-300x215.webp","resumo":"Para garantir a classifica\u00e7\u00e3o no tempo normal, a \u00c1guia do Vale precisa vencer por dois gols de diferen\u00e7a. Caso conquiste uma vit\u00f3ria simples (por um gol), a vaga ser\u00e1 decidida nos p\u00eanaltis"},"2346442":{"titulo":"Copa Paulista: T\u00e9cnico do Comercial prev\u00ea jogo dif\u00edcil no Vale","link":"https:\/\/www.futebolinterior.com.br\/tecnico-comercial-fala-copa-paulista-2\/","chapeu":"SAIU NA FRENTE","data":"08\/09\/2025","imagem":"https:\/\/images.futebolinterior.com.br\/2025\/09\/K3Hobu82-image-300x223.webp","resumo":"Com o resultado, o Bafo joga pelo empate no duelo da volta, marcado para s\u00e1bado, 13 de setembro, no est\u00e1dio Martins Pereira, em S\u00e3o Jos\u00e9 dos Campos"},"2346293":{"titulo":"S\u00e3o Jos\u00e9 presta homenagem a um dos maiores \u00eddolos de sua hist\u00f3ria","link":"https:\/\/www.futebolinterior.com.br\/sao-jose-reverencia-artilheiro-eterno\/","chapeu":"MERECIDO","data":"08\/09\/2025","imagem":"https:\/\/images.futebolinterior.com.br\/2025\/09\/image-300x176.webp","resumo":"Acompanhado do neto, Vin\u00edcius, o ex-jogador recebeu uma camisa oficial do S\u00e3o Jos\u00e9 e foi celebrado tanto pela torcida da \u00c1guia do Vale quanto pelos torcedores do Comercial"}}