{"2349747":{"titulo":"Copa Paulista: FPF estreia novo 'Desafio de V\u00eddeo' no futebol brasileiro","link":"https:\/\/www.futebolinterior.com.br\/fpf-estreia-desafio-video-copa-paulista\/","chapeu":"NOVIDADE","data":"15\/09\/2025","imagem":"https:\/\/images.futebolinterior.com.br\/2025\/09\/6U3LRUoX-image-300x155.webp","resumo":"Diferentemente do sistema tradicional de VAR, n\u00e3o h\u00e1 \u00e1rbitros de v\u00eddeo. A ferramenta consiste em uma cabine na beira do gramado e um operador de replay"},"2349734":{"titulo":"Copa Paulista: Fernando Marchiori leva o Primavera \u00e0 semifinal pela primeira vez na hist\u00f3ria","link":"https:\/\/www.futebolinterior.com.br\/fernando-marchiori-historia-primavera-3\/","chapeu":"VOANDO","data":"15\/09\/2025","imagem":"https:\/\/images.futebolinterior.com.br\/2025\/09\/14Dw9XIT-image-300x208.webp","resumo":"Com o resultado, o time comandado por Fernando Marchiori fechou o confronto com um placar agregado de 6 a 0 e agora enfrentar\u00e1 o Gr\u00eamio Prudente"},"2349555":{"titulo":"Roberval Davino exalta coletivo e resili\u00eancia do Comercial diante do S\u00e3o Jos\u00e9","link":"https:\/\/www.futebolinterior.com.br\/roberval-davino-exalta-coletivo-e-resiliencia-do-comercial-diante-do-sao-jose\/","chapeu":"PRA CIMA!","data":"14\/09\/2025","imagem":"https:\/\/images.futebolinterior.com.br\/2025\/09\/Comercial-300x188.webp","resumo":"Ap\u00f3s a vit\u00f3ria, o t\u00e9cnico Roberval Davino destacou a for\u00e7a do grupo e a supera\u00e7\u00e3o ao longo da campanha"},"2349545":{"titulo":"Gr\u00eamio Prudente\u00a0celebra anivers\u00e1rio da cidade com classifica\u00e7\u00e3o na Copa Paulista","link":"https:\/\/www.futebolinterior.com.br\/gremio-prudente-celebra-aniversario-da-cidade\/","chapeu":"PRUDENTE 108 ANOS","data":"14\/09\/2025","imagem":"https:\/\/images.futebolinterior.com.br\/2025\/09\/Gremio-Prudente-celebra-aniversario-da-cidade-na-semi-da-Copa-Paulista-300x172.webp","resumo":"A classifica\u00e7\u00e3o aconteceu justamente \u00e0s v\u00e9speras do anivers\u00e1rio de 108 anos de Presidente Prudente, celebrado neste domingo (14)"},"2349547":{"titulo":"Mois\u00e9s Egert exalta apoio da torcida do XV na vit\u00f3ria contra o Oeste","link":"https:\/\/www.futebolinterior.com.br\/moises-egert-exalta-apoio-da-torcida-do-xv-na-vitoria-contra-o-oeste\/","chapeu":"PRA ELES!","data":"14\/09\/2025","imagem":"https:\/\/images.futebolinterior.com.br\/2025\/09\/Moises-Egert-XV-300x185.webp","resumo":" treinador destacou que a classifica\u00e7\u00e3o era mais responsabilidade do que obriga\u00e7\u00e3o"},"2349144":{"titulo":"PLACAR FI: Com Copa Paulista, confira os RESULTADOS deste S\u00c1BADO","link":"https:\/\/www.futebolinterior.com.br\/confira-o-placar-fi-deste-sabado-21\/","chapeu":"COMPLET\u00c3O","data":"13\/09\/2025","imagem":"https:\/\/images.futebolinterior.com.br\/2025\/09\/V8hS11cB-image-300x256.webp","resumo":"Claro, o\u00a0Placar ao Vivo do Portal Futebol Interior\u00a0acompanhou todos os jogos e traz para voc\u00ea a lista com todos os resultados.\u00a0Confira!"},"2349094":{"titulo":"XV de Piracicaba 2 x 0 Oeste - Nh\u00f4 Quim na Semifinal da Copa Paulista","link":"https:\/\/www.futebolinterior.com.br\/xv-de-piracicaba-vence-oeste-copa-pauli\/","chapeu":"DEU A L\u00d3GICA","data":"13\/09\/2025","imagem":"https:\/\/images.futebolinterior.com.br\/2025\/09\/Itrw1P4M-image-300x233.webp","resumo":"Como j\u00e1 havia vencido o primeiro jogo, fora de casa, por 1 a 0, o time piracicabano fechou o confronto com 3 a 0 no placar agregado"},"2349080":{"titulo":"Gr\u00eamio Prudente 3 x 0 Francana - Nas semifinais da Copa Paulista","link":"https:\/\/www.futebolinterior.com.br\/gremio-prudente-vence-francana-copa\/","chapeu":"MERECIDO","data":"13\/09\/2025","imagem":"https:\/\/images.futebolinterior.com.br\/2025\/09\/bgHfYTzg-image-300x219.webp","resumo":"No primeiro jogo, em Franca, Carcar\u00e1 e Veterana ficaram no 1 a 1. Neste segundo duelo, em casa, o time prudentino mostrou sua for\u00e7a "},"2349069":{"titulo":"S\u00e3o Jos\u00e9 0 x 1 Comercial - Bafo nas Semifinais da Copa Paulista","link":"https:\/\/www.futebolinterior.com.br\/comercial-vence-sao-jose-copa-paulista-2\/","chapeu":"APRONTOU","data":"13\/09\/2025","imagem":"https:\/\/images.futebolinterior.com.br\/2025\/09\/image-300x133.webp","resumo":"A equipe de Ribeir\u00e3o Preto, que j\u00e1 havia vencido o primeiro confronto no Palma Travassos por 1 a 0, segurou a press\u00e3o do S\u00e3o Jos\u00e9 durante boa parte da partida"},"2349011":{"titulo":"COPA PAULISTA: Comercial, Gr\u00eamio Prudente e XV avan\u00e7am e definem semifinais","link":"https:\/\/www.futebolinterior.com.br\/copa-paulista-comercial-gremio-prudente-e-xv-avancam-e-definem-semifinais\/","chapeu":"DEFINIDOS","data":"13\/09\/2025","imagem":"https:\/\/images.futebolinterior.com.br\/2025\/09\/WhatsApp-Image-2025-09-13-at-17.57.41-300x200.webp","resumo":"O PLACAR FI acompanha todos os jogos da Copa Paulista"}}