{"2288610":{"titulo":"Copa Paulista: S\u00e3o Jos\u00e9 contrata goleiro que estava na S\u00e9rie D","link":"https:\/\/www.futebolinterior.com.br\/copa-paulista-sao-jose-contrata-goleiro-que-estava-na-serie-d\/","chapeu":"REFOR\u00c7O","data":"03\/06\/2025","imagem":"https:\/\/images.futebolinterior.com.br\/2025\/06\/1e33a0b0-7dba-4db4-aaa1-976327096139-300x228.webp","resumo":"A estreia do S\u00e3o Jos\u00e9 ser\u00e1 no dia 15 de junho (domingo), \u00e0s 15h, contra o rival Taubat\u00e9, no est\u00e1dio Martins Pereira."},"2288529":{"titulo":"Copa Paulista: Clube da S\u00e9rie C empresta zagueiro ao XV de Piracicaba","link":"https:\/\/www.futebolinterior.com.br\/copa-paulista-clube-da-serie-c-empresta-zagueiro-ao-xv-de-piracicaba\/","chapeu":"15\u00ba ATLETA","data":"03\/06\/2025","imagem":"https:\/\/images.futebolinterior.com.br\/2025\/06\/8dbccb60-df5a-4463-b027-86f6854c650e-300x224.webp","resumo":"A estreia do XV de Piracicaba na Copa Paulista ser\u00e1 no dia 16 de junho (segunda-feira), \u00e0s 19h45, em Sorocaba, diante do S\u00e3o Bento"},"2288459":{"titulo":"Copa Paulista: Lateral do Taquaritinga \u00e9 o 10\u00ba contratado do Ara\u00e7atuba","link":"https:\/\/www.futebolinterior.com.br\/copa-paulista-lateral-do-taquaritinga-e-o-10o-contratado-do-aracatuba\/","chapeu":"REFOR\u00c7O","data":"03\/06\/2025","imagem":"https:\/\/images.futebolinterior.com.br\/2025\/06\/Imagem-do-WhatsApp-de-2025-06-03-as-11.02.11_d2470cfc-300x239.webp","resumo":"O elenco ser\u00e1 comandado pelo t\u00e9cnico Vaguinho Dias, que levou o time ao acesso na Bezinha 2024 e que neste ano estava no Pinheiro-MA"},"2288449":{"titulo":"Copa Paulista: Portuguesa Santista fecha com lateral semifinalista do Paulist\u00e3o A3","link":"https:\/\/www.futebolinterior.com.br\/copa-paulista-portuguesa-santista-fecha-com-lateral-semifinalista-do-paulistao-a3\/","chapeu":"GIBA NELES!","data":"03\/06\/2025","imagem":"https:\/\/images.futebolinterior.com.br\/2025\/06\/Imagem-do-WhatsApp-de-2025-06-03-as-10.43.29_40c53669-300x206.webp","resumo":"Lateral-esquerdo tem um acesso no Paulist\u00e3o S\u00e9rie A2 com o Mar\u00edlia em 2014"},"2288437":{"titulo":"Copa Paulista: Botafogo anuncia volante semifinalista do Paulist\u00e3o S\u00e9rie A3","link":"https:\/\/www.futebolinterior.com.br\/copa-paulista-botafogo-anuncia-volante-semifinalista-do-paulistao-serie-a3\/","chapeu":"REFOR\u00c7O","data":"03\/06\/2025","imagem":"https:\/\/images.futebolinterior.com.br\/2025\/06\/Imagem-do-WhatsApp-de-2025-06-03-as-10.15.18_0cb4f346-300x229.webp","resumo":"Volante tem dois t\u00edtulos no curr\u00edculo: foi campe\u00e3o da Bezinha 2021 com o Uni\u00e3o Suzano e em 2023, ergueu a ta\u00e7a do Campeonato Paraibano com o Treze"},"2288092":{"titulo":"Copa Paulista: Uni\u00e3o S\u00e3o Jo\u00e3o anuncia goleiro reserva do Mar\u00edlia no Paulist\u00e3o A3","link":"https:\/\/www.futebolinterior.com.br\/copa-paulista-uniao-sao-joao-anuncia-goleiro-reserva-do-marilia-no-paulistao-a3\/","chapeu":"REFOR\u00c7O","data":"02\/06\/2025","imagem":"https:\/\/images.futebolinterior.com.br\/2025\/06\/dd95a959-9b88-4862-87a4-b588cc19496f-300x215.webp","resumo":"Para a posi\u00e7\u00e3o, o time de Araras anunciou na semana passada, a renova\u00e7\u00e3o de contrato de Matheus Pellegrini"},"2287979":{"titulo":"Copa Paulista: Meia espera retribuir Ara\u00e7atuba por chance, ap\u00f3s 1 ano sem jogar","link":"https:\/\/www.futebolinterior.com.br\/copa-paulista-meia-espera-retribuir-aracatuba-por-chance-apos-1-ano-sem-jogar\/","chapeu":"EMPOLGADO","data":"02\/06\/2025","imagem":"https:\/\/images.futebolinterior.com.br\/2025\/06\/IMG-20250528-WA0019-300x300.webp","resumo":"De 2022 a 2025, o meia passou por Portuguesa (Sub-20), Paulista de Jundia\u00ed, Taubat\u00e9 e Votuporanguense totalizando somente quatro partidas"},"2287958":{"titulo":"Copa Paulista: XV de Piracicaba anuncia atacante que estava no S\u00e3o Bento","link":"https:\/\/www.futebolinterior.com.br\/copa-paulista-xv-de-piracicaba-anuncia-atacante-que-estava-no-sao-bento\/","chapeu":"14\u00ba ATLETA","data":"02\/06\/2025","imagem":"https:\/\/images.futebolinterior.com.br\/2025\/06\/4be524cf-e87c-4137-9974-8579ebffbd4c-300x234.webp","resumo":"O Nh\u00f4 Quim anunciou at\u00e9 o momento 14 jogadores, entre refor\u00e7os e remanescentes para a disputa da Copa Paulista"},"2287874":{"titulo":"Copa Paulista: Volante \u00e9 o 8\u00ba refor\u00e7o anunciado pelo Paulista de Jundia\u00ed","link":"https:\/\/www.futebolinterior.com.br\/copa-paulista-volante-e-o-8o-reforco-anunciado-pelo-paulista-de-jundiai\/","chapeu":"ENZO","data":"02\/06\/2025","imagem":"https:\/\/images.futebolinterior.com.br\/2025\/06\/Imagem-do-WhatsApp-de-2025-06-02-as-10.44.33_6898fe5a-300x209.webp","resumo":"No fim de semana, o Galo do Japi tamb\u00e9m anunciou a contrata\u00e7\u00e3o do lateral-direito Pedro Medeiros, de 23 anos, que disputou o Paulist\u00e3o S\u00e9rie A3 pelo Rio Preto"},"2287869":{"titulo":"Copa Paulista: Rio Branco traz zagueiro do Capivariano por empr\u00e9stimo","link":"https:\/\/www.futebolinterior.com.br\/copa-paulista-rio-branco-traz-zagueiro-do-capivariano-por-emprestimo\/","chapeu":"REFOR\u00c7O","data":"02\/06\/2025","imagem":"https:\/\/images.futebolinterior.com.br\/2025\/06\/Imagem-do-WhatsApp-de-2025-06-02-as-10.22.08_c0c0d4ff-300x207.webp","resumo":"No fim de semana, a equipe de Americana tamb\u00e9m acertou o empr\u00e9stimo do volante Rom\u00e1rio, de 20 anos, que jogou o Paulist\u00e3o A4 pelo Gr\u00eamio S\u00e3o-Carlense, mas que pertence ao Gr\u00eamio Novorizontino"}}