{"2289164":{"titulo":"Copa Paulista: Meia Kayque \u00e9 o 9\u00ba refor\u00e7o do Paulista de Jundia\u00ed","link":"https:\/\/www.futebolinterior.com.br\/copa-paulista-meia-kayque-e-o-9o-reforco-do-paulista-de-jundiai\/","chapeu":"CONTRATADO","data":"04\/06\/2025","imagem":"https:\/\/images.futebolinterior.com.br\/2025\/06\/03aef5e0-2363-461f-bef3-abba7ca44eb3-300x217.webp","resumo":"O Paulista de Jundia\u00ed \u00e9 o maior vencedor da Copa Paulista com tr\u00eas t\u00edtulos (1999, 2010 e 2011)"},"2289092":{"titulo":"Copa Paulista: Itapirense divulga os cinco primeiros jogadores do elenco","link":"https:\/\/www.futebolinterior.com.br\/copa-paulista-itapirense-divulga-os-quatro-primeiros-jogadores-do-elenco\/","chapeu":"ATLETAS","data":"04\/06\/2025","imagem":"https:\/\/images.futebolinterior.com.br\/2025\/06\/da9cf95c-82a0-4dee-abb4-6d5b387e71bf-300x205.webp","resumo":"A Itapirense ser\u00e1 comandada pelo t\u00e9cnico Dudu Sales, de 45 anos, que levou o time at\u00e9 as quartas de final do Paulist\u00e3o S\u00e9rie A3"},"2289074":{"titulo":"Copa Paulista: Comercial anuncia mais dois refor\u00e7os e contrata\u00e7\u00f5es chegam a 13","link":"https:\/\/www.futebolinterior.com.br\/copa-paulista-comercial-anuncia-mais-dois-reforcos-e-contratacoes-chegam-a-13\/","chapeu":"NOVIDADES","data":"04\/06\/2025","imagem":"https:\/\/images.futebolinterior.com.br\/2025\/06\/e37d98e5-fa52-4cf8-9712-0d823cac7d98-300x200.webp","resumo":"A estreia do Comercial ser\u00e1 no dia 14 (s\u00e1bado), \u00e0s 15h, contra a Francana, no est\u00e1dio Palma Travassos, em Ribeir\u00e3o Preto"},"2289010":{"titulo":"Copa Paulista: Goleiro Wendell \u00e9 o 18\u00ba refor\u00e7o contratado pelo Noroeste","link":"https:\/\/www.futebolinterior.com.br\/copa-paulista-goleiro-wendell-e-o-18o-reforco-contratado-pelo-noroeste\/","chapeu":"ELENCO","data":"04\/06\/2025","imagem":"https:\/\/images.futebolinterior.com.br\/2025\/06\/Imagem-do-WhatsApp-de-2025-06-04-as-11.41.35_cd2bccd6-300x209.webp","resumo":"O primeiro jogo-treino do Noroeste ser\u00e1 nesta sexta-feira (6), \u00e0s 15h30, diante do Botafogo, no Est\u00e1dio Santa Cruz\/Arena Nicnet, em Ribeir\u00e3o Preto. "},"2288951":{"titulo":"Copa Paulista: Portuguesa Santista acerta com centroavante que n\u00e3o faz gol h\u00e1 2 anos","link":"https:\/\/www.futebolinterior.com.br\/copa-paulista-portuguesa-santista-acerta-com-centroavante-que-nao-faz-gol-ha-2-anos\/","chapeu":"CONTRATA\u00c7\u00c3O","data":"04\/06\/2025","imagem":"https:\/\/images.futebolinterior.com.br\/2025\/06\/Imagem-do-WhatsApp-de-2025-06-04-as-08.59.46_2622e05b-300x221.webp","resumo":"Centroavante marcou gols pela \u00faltima vez quando atuava pelo Sub-20 do XV de Ja\u00fa, no Paulist\u00e3o da categoria em 2023"},"2288948":{"titulo":"Copa Paulista: Rio Branco anuncia lateral de clube do Paulist\u00e3o S\u00e9rie A4","link":"https:\/\/www.futebolinterior.com.br\/copa-paulista-rio-branco-anuncia-lateral-de-clube-do-paulistao-serie-a4\/","chapeu":"REFOR\u00c7O","data":"04\/06\/2025","imagem":"https:\/\/images.futebolinterior.com.br\/2025\/06\/Imagem-do-WhatsApp-de-2025-06-04-as-08.42.49_ceae6703-300x217.webp","resumo":"Para a lateral-esquerda, o Rio Branco j\u00e1 anunciou a contrata\u00e7\u00e3o de Marcelo Sedenski, que disputou o Paulist\u00e3o S\u00e9rie A3 pelo Rio Preto"},"2288920":{"titulo":"Linense anuncia zagueiro experiente para a Copa Paulista","link":"https:\/\/www.futebolinterior.com.br\/linense-anuncia-zagueiro-copa-paulista\/","chapeu":"NOVIDADES","data":"04\/06\/2025","imagem":"https:\/\/images.futebolinterior.com.br\/2025\/06\/image-300x229.webp","resumo":"Gilberto Alem\u00e3o, conhecido por sua for\u00e7a f\u00edsica e lideran\u00e7a em campo, j\u00e1 treina com o elenco e ser\u00e1 pe\u00e7a-chave na forma\u00e7\u00e3o defensiva da equipe"},"2288733":{"titulo":"S\u00e3o Bento realiza amistosos visando estreia na Copa Paulista","link":"https:\/\/www.futebolinterior.com.br\/sao-bento-faz-amistosos-copa-paulista\/","chapeu":"PREPARA\u00c7\u00c3O","data":"03\/06\/2025","imagem":"https:\/\/images.futebolinterior.com.br\/2025\/06\/image-300x226.webp","resumo":"No primeiro teste, realizado em 28 de maio, o Bent\u00e3o goleou o Express\u00e3o Paulista por 7 a 0, com gols de Hannyel (2), Coutinho (2), Deivid (2) e Jo\u00e3o Henrique"},"2288676":{"titulo":"S\u00e3o Jos\u00e9 vence Paulista por 2 a 0 em amistoso no Jayme Cintra","link":"https:\/\/www.futebolinterior.com.br\/sao-jose-vence-amistoso-contra-paulista\/","chapeu":"PREPARA\u00c7\u00c3O","data":"03\/06\/2025","imagem":"https:\/\/images.futebolinterior.com.br\/2025\/06\/OEOOt3Xo-image-300x232.webp","resumo":"Os gols foram marcados por Luciano Oliveira e Rone. Este foi o terceiro jogo-treino da \u00c1guia nesta pr\u00e9-temporada visando a Copa Paulista"},"2288640":{"titulo":"Copa Paulista: Paulinho \u00e9 o 8\u00ba jogador a renovar com o Uni\u00e3o S\u00e3o Jo\u00e3o","link":"https:\/\/www.futebolinterior.com.br\/copa-paulista-paulinho-e-o-8o-jogador-a-renovar-com-o-uniao-sao-joao\/","chapeu":"ELENCO","data":"03\/06\/2025","imagem":"https:\/\/images.futebolinterior.com.br\/2025\/06\/250d8bbf-80f1-4205-8707-5e63e18960f3-300x214.webp","resumo":"Meia-atacante iniciou a carreira no Noroeste em 2018 e tamb\u00e9m passou por: Comercial, Matonense, Catanduva e Vocem\/Assis; em 2022, foi campe\u00e3o da Bezinha com o Gr\u00eamio Prudente"}}