{"2289702":{"titulo":"Pinho est\u00e1 confiante em uma boa campanha do Comercial na Copa Paulista","link":"https:\/\/www.futebolinterior.com.br\/pinho-quer-boa-campanha-comercial\/","chapeu":"FOCO TOTAL","data":"05\/06\/2025","imagem":"https:\/\/images.futebolinterior.com.br\/2025\/06\/iJfqZESM-image-300x244.webp","resumo":"Esta ser\u00e1 a quarta passagem de Pinho pelo Comercial. Ele j\u00e1 foi treinador da equipe em 2006 e 2018, quando comandou o time na Quarta Divis\u00e3o e conquistou o acesso \u00e0 S\u00e9rie A3"},"2289653":{"titulo":"Copa Paulista: Francana confirma os sete primeiros refor\u00e7os nesta quinta","link":"https:\/\/www.futebolinterior.com.br\/copa-paulista-francana-confirma-os-sete-primeiros-reforcos-nesta-quinta\/","chapeu":"ELENCO","data":"05\/06\/2025","imagem":"https:\/\/images.futebolinterior.com.br\/2025\/06\/e7548eb7-3dbf-4686-91f9-3b15554c9f1c-300x205.webp","resumo":"Da regi\u00e3o Norte chegaram: goleiro Jonathan (S\u00e3o Francisco-PA) e atacante Baianinho (Ypiranga-AP); outros dois nomes s\u00e3o: meia Calebe (Social-MG 2024) e atacante C\u00e9sar (Oper\u00e1rio-MS)"},"2289643":{"titulo":"Copa Paulista: Itapirense divulga mais 9 nomes entre renova\u00e7\u00f5es e refor\u00e7os","link":"https:\/\/www.futebolinterior.com.br\/copa-paulista-itapirense-divulga-mais-9-nomes-entre-renovacoes-e-reforcos\/","chapeu":"ELENCO","data":"05\/06\/2025","imagem":"https:\/\/images.futebolinterior.com.br\/2025\/06\/9aeb3b35-bb63-4f1f-9d65-b4cd563999e4-300x208.webp","resumo":"Os cinco refor\u00e7os confirmados: meia Christopher Henrique (Parano\u00e1-DF), atacante Leonardo Tiba (S\u00e3o Caetano), laterais-esquerdo Lucas Roberto (Nacional) e Gregory Soares (Penapolense); e direito Jadson F\u00e9lix (Afogados-PE)"},"2289626":{"titulo":"Copa Paulista: Gr\u00eamio Prudente fecha com volante do Brasileiro S\u00e9rie D","link":"https:\/\/www.futebolinterior.com.br\/copa-paulista-gremio-prudente-fecha-com-volante-do-brasileiro-serie-d\/","chapeu":"REFOR\u00c7O","data":"05\/06\/2025","imagem":"https:\/\/images.futebolinterior.com.br\/2025\/06\/e4d8eaee-994c-44cb-866e-abefaaa7f5af-300x207.webp","resumo":"A estreia do Gr\u00eamio Prudente ser\u00e1 no dia 14 (s\u00e1bado), \u00e0s 17h, contra o Monte Azul, no Prudent\u00e3o"},"2289562":{"titulo":"Sob o comando de F\u00e1bio Toth, Rio Branco enfrenta time da S\u00e9rie C","link":"https:\/\/www.futebolinterior.com.br\/fabio-toth-tem-amistoso-pelo-rio-branco\/","chapeu":"PREPARA\u00c7\u00c3O","data":"05\/06\/2025","imagem":"https:\/\/images.futebolinterior.com.br\/2025\/06\/image-300x245.webp","resumo":"Poucos jogadores da campanha anterior foram mantidos. O grupo, ao lado da comiss\u00e3o t\u00e9cnica, chegou \u00e0 quarta semana de trabalhos com foco total em fazer uma grande campanha"},"2289499":{"titulo":"Copa Paulista: Atacante do Capivariano chega por empr\u00e9stimo ao Rio Branco","link":"https:\/\/www.futebolinterior.com.br\/copa-paulista-atacante-do-capivariano-chega-por-emprestimo-ao-rio-branco\/","chapeu":"REFOR\u00c7O","data":"05\/06\/2025","imagem":"https:\/\/images.futebolinterior.com.br\/2025\/06\/Imagem-do-WhatsApp-de-2025-06-05-as-10.25.36_00b24aed-300x207.webp","resumo":"Rio Branco manteve seis jogadores semifinalistas do Paulist\u00e3o S\u00e9rie A3: goleiros Sandro e Endrew; zagueiro Jean Pablo, laterais-esquerdo Gustavo Oliveira e Murilo; e meia Marcelinho"},"2289492":{"titulo":"Copa Paulista: Atacante Rafael, de 19 anos, \u00e9 o 13\u00ba refor\u00e7o do Ara\u00e7atuba","link":"https:\/\/www.futebolinterior.com.br\/copa-paulista-atacante-rafael-de-19-anos-e-o-13o-reforco-do-aracatuba\/","chapeu":"PROMESSA","data":"05\/06\/2025","imagem":"https:\/\/images.futebolinterior.com.br\/2025\/06\/Imagem-do-WhatsApp-de-2025-06-05-as-10.01.48_950625bf-300x226.webp","resumo":"S\u00e3o cinco os atletas do AEA, remanescentes da semifinal do Paulist\u00e3o S\u00e9rie A4: zagueiro Adiel, volante Pedro Mattar, meia Dieguinho e atacantes Luan Carioca e Leandro Almeida"},"2289476":{"titulo":"Copa Paulista: Santo Andr\u00e9 divulga os tr\u00eas primeiros nomes para a estreia","link":"https:\/\/www.futebolinterior.com.br\/copa-paulista-santo-andre-divulga-os-tres-primeiros-nomes-para-a-estreia\/","chapeu":"REFOR\u00c7OS","data":"05\/06\/2025","imagem":"https:\/\/images.futebolinterior.com.br\/2025\/06\/Foto-Matheus-Dahsan-1-300x213.webp","resumo":"Na Copa Paulista o Ramalh\u00e3o ser\u00e1 comandado pelo t\u00e9cnico Oliveira, de 56 anos, que nesta temporada comandou dois clubes do Mato Grosso do Sul: \u00c1guia Negra e Corumbaense"},"2289440":{"titulo":"Copa Paulista: Uni\u00e3o S\u00e3o Jo\u00e3o anuncia lateral-esquerdo ex-Ara\u00e7atuba","link":"https:\/\/www.futebolinterior.com.br\/uniao-sao-joao-anuncia-lateral-aea\/","chapeu":"REFOR\u00c7OS ","data":"05\/06\/2025","imagem":"https:\/\/images.futebolinterior.com.br\/2025\/06\/image-300x172.webp","resumo":"O Uni\u00e3o S\u00e3o Jo\u00e3o est\u00e1 no Grupo 2 da Copa Paulista, ao lado de Itapirense, Comercial, Francana, Inter de Limeira e Botafogo. A estreia ser\u00e1 no dia 14 de junho, \u00e0s 17h"},"2289271":{"titulo":"Copa Paulista: Lateral e centroavante s\u00e3o mais dois refor\u00e7os do Botafogo","link":"https:\/\/www.futebolinterior.com.br\/copa-paulista-lateral-e-centroavante-sao-mais-dois-reforcos-do-botafogo\/","chapeu":"NOVIDADES","data":"04\/06\/2025","imagem":"https:\/\/images.futebolinterior.com.br\/2025\/06\/Foto-Matheus-Dahsan-300x213.webp","resumo":"Botafogo tamb\u00e9m disputa o Brasileiro da S\u00e9rie B e ir\u00e1 participar da Copa Paulista com uma equipe B, que ser\u00e1 comandada por Ricardo Quandt, t\u00e9cnico do Sub-20 no estadual da categoria"}}