{"2509165":{"titulo":"Fifa rebate IFAB e defende decis\u00e3o do VAR no caso Embolo","link":"https:\/\/www.futebolinterior.com.br\/fifa-rebate-ifab-e-defende-decisao-do-var-no-caso-embolo\/","chapeu":"POL\u00caMICA","data":"29\/07\/2026","imagem":"https:\/\/images.futebolinterior.com.br\/2026\/03\/fifa-testara-nova-regra-de-impedimento-300x171.webp","resumo":"A discuss\u00e3o envolve um dos epis\u00f3dios mais pol\u00eamicos do Mundial. No confronto entre Argentina e Su\u00ed\u00e7a, pelas quartas de final"},"2509064":{"titulo":"Neymar confirma aposentadoria da sele\u00e7\u00e3o: \"N\u00e3o quero mais\"","link":"https:\/\/www.futebolinterior.com.br\/neymar-aposentadoria-selecao\/","chapeu":"ADEUS!","data":"29\/07\/2026","imagem":"https:\/\/images.futebolinterior.com.br\/2026\/07\/Neymar-Santos-Raul-Baretta-300x182.webp","resumo":"A zona mista tamb\u00e9m serviu para Neymar comentar sobre a cobran\u00e7a que fez ao elenco ap\u00f3s o empate contra a Chapecoense"},"2508938":{"titulo":"Copa est\u00e1 \u00e0 venda? Entenda movimento da Fifa para capitaliza\u00e7\u00e3o da entidade e federa\u00e7\u00f5es","link":"https:\/\/www.futebolinterior.com.br\/copa-esta-a-venda-entenda-movimento-da-fifa-para-capitalizacao-da-entidade-e-federacoes\/","chapeu":"Veja!","data":"28\/07\/2026","imagem":"https:\/\/images.futebolinterior.com.br\/2026\/07\/fifa-300x200.avif","resumo":"Participa\u00e7\u00f5es minorit\u00e1rias seriam vendidas ao mercado privado, podendo gerar US$ 4,2 bilh\u00f5es (R$ 21,4 bilh\u00f5es). "},"2508920":{"titulo":"Fifa quer criar entidade comercial e Uefa critica","link":"https:\/\/www.futebolinterior.com.br\/fifa-entidade-comercial-uefa-critica\/","chapeu":"AMBICIOSO","data":"28\/07\/2026","imagem":"https:\/\/images.futebolinterior.com.br\/2026\/03\/fifa-testara-nova-regra-de-impedimento-300x171.webp","resumo":"A FIFA venderia participa\u00e7\u00f5es minorit\u00e1rias por meio do novo programa comercial, que pode ser avaliado em cerca de R$ 102,5 bilh\u00f5es."},"2508929":{"titulo":"Ancelotti volta e promete 'time novo' na Copa de 2030","link":"https:\/\/www.futebolinterior.com.br\/ancelotti-promete-time-novo-copa-2030\/","chapeu":"PROMESSA","data":"28\/07\/2026","imagem":"https:\/\/images.futebolinterior.com.br\/2026\/07\/ancelotti-cbf-Samara--300x177.webp","resumo":"Ele se reuniu com sua comiss\u00e3o t\u00e9cnica e dirigentes da CBF para iniciar os trabalhos visando o novo ciclo que come\u00e7a em setembro "},"2508702":{"titulo":"Cucurella cumpre promessa e faz tatuagem com o rosto de Lu\u00eds de La Fuente","link":"https:\/\/www.futebolinterior.com.br\/cucurella-faz-tatuagem-homenagem-titulo\/","chapeu":"OUSADO","data":"28\/07\/2026","imagem":"https:\/\/images.futebolinterior.com.br\/2026\/07\/image-300x237.webp","resumo":"A confirma\u00e7\u00e3o do local do desenho estava incerta. Mas horas depois da publica\u00e7\u00e3o afirmando estar no est\u00fadio de tatuagem, o lateral mostrou o resultado com o rosto do treinador"},"2508641":{"titulo":"It\u00e1lia se aproxima de Roberto Mancini como t\u00e9cnico","link":"https:\/\/www.futebolinterior.com.br\/italia-se-aproxima-de-roberto-mancini-como-tecnico\/","chapeu":"CAOS","data":"28\/07\/2026","imagem":"https:\/\/images.futebolinterior.com.br\/2025\/02\/Roberto-Mancini-300x149.jpg","resumo":"\"Tanto Mancini quanto Ranieri fizeram contribui\u00e7\u00f5es financeiras significativas, mesmo antes de finalizar os n\u00fameros. Agiram com muita responsabilidade\""},"2508626":{"titulo":"'Regra Embolo' \u00e9 esclarecida ap\u00f3s pol\u00eamica que favoreceu a Argentina","link":"https:\/\/www.futebolinterior.com.br\/regra-embolo-e-esclarecida-apos-polemica-que-favoreceu-argentina\/","chapeu":"DEFINIDO","data":"28\/07\/2026","imagem":"https:\/\/images.futebolinterior.com.br\/2026\/07\/SUICA-X-ARGENTINA-300x149.webp","resumo":"Segundo a nova interpreta\u00e7\u00e3o da IFAB, o protocolo de erro de identifica\u00e7\u00e3o deve servir exclusivamente para corrigir a identidade do atleta punido"},"2508569":{"titulo":"Fran\u00e7a oficializa Zidane como novo treinador da sele\u00e7\u00e3o","link":"https:\/\/www.futebolinterior.com.br\/franca-oficializa-zidane-treinador-selecao\/","chapeu":"AGORA SIM!","data":"28\/07\/2026","imagem":"https:\/\/images.futebolinterior.com.br\/2026\/07\/franca-oficializa-zidane-selecao-300x190.webp","resumo":"Aos 54 anos, Zidane chega para ocupar o posto de um antigo companheiro de sele\u00e7\u00e3o nos tempos de jogador"},"2508435":{"titulo":"Vozinha \u00e9 proibido de usar apelido no Colo-Colo","link":"https:\/\/www.futebolinterior.com.br\/vozinha-proibido-usar-apelido-colo-colo\/","chapeu":"SEM NOME","data":"27\/07\/2026","imagem":"https:\/\/images.futebolinterior.com.br\/2026\/07\/Vozinha-Copa-do-Mundo-Cabo-Verde-300x245.webp","resumo":"Vozinha \u00e9 proibido de usar apelido no Colo-Colo e pode achar solu\u00e7\u00e3o em brasileiro da NBA. \u00c9 o caso do brasileiro Nen\u00ea, no basquete"}}