{"2508378":{"titulo":"Gol de Cabo Verde contra a Argentina \u00e9 eleito o mais bonito","link":"https:\/\/www.futebolinterior.com.br\/gol-de-cabo-verde-contra-a-argentina-e-eleito-o-mais-bonito\/","chapeu":"GOLA\u00c7O","data":"27\/07\/2026","imagem":"https:\/\/images.futebolinterior.com.br\/2026\/07\/gol-copa-2-reproducao.webp","resumo":"Apesar disso, a sele\u00e7\u00e3o foi eliminada. A Argentina marcou o terceiro na reta final da prorroga\u00e7\u00e3o e obteve a classifica\u00e7\u00e3o para as oitavas de final"},"2508350":{"titulo":"Deputado dos EUA indaga Infantino sobre rela\u00e7\u00e3o Fifa e Trump","link":"https:\/\/www.futebolinterior.com.br\/deputado-indaga-infantino-fifa-e-trump\/","chapeu":"CORRETO","data":"27\/07\/2026","imagem":"https:\/\/images.futebolinterior.com.br\/2026\/07\/trump-quer-infantino-na-ONU-300x218.webp","resumo":"Em carta, Reskin solicita que Infantino compare\u00e7a ao Comit\u00ea Judici\u00e1rio da C\u00e2mara dos Representantes e pede 'lista de presentes'."},"2508252":{"titulo":"Mbapp\u00e9 prev\u00ea t\u00edtulos com a Fran\u00e7a e lamenta frustra\u00e7\u00e3o na Copa","link":"https:\/\/www.futebolinterior.com.br\/mbappe-preve-titulos-com-a-franca-e-lamenta-frustracao-na-copa\/","chapeu":"O CRAQUE","data":"27\/07\/2026","imagem":"https:\/\/images.futebolinterior.com.br\/2026\/07\/sn0XJbUi-Mbappe-2026-Copa-300x183.webp","resumo":"Apesar da frustra\u00e7\u00e3o, o craque procurou mostrar confian\u00e7a em novas disputas por ta\u00e7as com a sele\u00e7\u00e3o francesa, "},"2508181":{"titulo":"Namorada de argentino revela presente dado por Messi aos jogadores","link":"https:\/\/www.futebolinterior.com.br\/namorada-de-argentino-revela-presente-dado-por-messi-aos-jogadores\/","chapeu":"LEMBRAN\u00c7A","data":"27\/07\/2026","imagem":"https:\/\/images.futebolinterior.com.br\/2026\/07\/Lionel-Messi-300x144.webp","resumo":"Revela\u00e7\u00e3o acabou expondo um detalhe da conviv\u00eancia entre os jogadores durante a campanha da Argentina"},"2508147":{"titulo":"Dani Olmo rebate desculpas de Ayala ap\u00f3s confus\u00e3o na Copa","link":"https:\/\/www.futebolinterior.com.br\/dani-olmo-rebate-desculpas-de-ayala\/","chapeu":"REJEITOU!","data":"27\/07\/2026","imagem":"https:\/\/images.futebolinterior.com.br\/2026\/07\/dani-olmo-espanha-ayala-polemica-copa--300x200.webp","resumo":"Dani Olmo afirmou que o ex-zagueiro argentino n\u00e3o foi sincero ao tentar explicar o motivo da agress\u00e3o"},"2508105":{"titulo":"Slavko Vincic pendura o apito ap\u00f3s comandar final da Copa","link":"https:\/\/www.futebolinterior.com.br\/slavko-vincic-aposenta-apos-final-copa\/","chapeu":"ADEUS!","data":"27\/07\/2026","imagem":"https:\/\/images.futebolinterior.com.br\/2026\/07\/Slavko-Vincic-final-copa-fifa-300x162.webp","resumo":"Ao longo de mais de uma d\u00e9cada no quadro da Fifa, Vincic construiu uma carreira s\u00f3lida nas principais competi\u00e7\u00f5es do planeta"},"2508108":{"titulo":"Scaloni perde desculpas por vice na Copa e responde cr\u00edticos","link":"https:\/\/www.futebolinterior.com.br\/scaloni-perde-desculpas-por-vice-na-copa-e-responde-criticos\/","chapeu":"SE MANIFESTOU","data":"27\/07\/2026","imagem":"https:\/\/images.futebolinterior.com.br\/2025\/03\/Scaloni-300x158.jpg","resumo":"T\u00e9cnico aproveitou a mensagem para valorizar a postura dos jogadores e chamou o elenco de \"meus guerreiros\""},"2508102":{"titulo":"Presidente da Fifa acusa cr\u00edticos da Copa de espalhar \u00f3dio","link":"https:\/\/www.futebolinterior.com.br\/presidente-da-fifa-acusa-criticos-da-copa-de-espalhar-odio\/","chapeu":"RESPOSTA","data":"27\/07\/2026","imagem":"https:\/\/images.futebolinterior.com.br\/2025\/12\/Gianni-Infantino-3-300x140.webp","resumo":"Gianni Infantino responde cr\u00edticas e defende que o futebol deve servir como ponto de encontro entre diferentes povos"},"2507500":{"titulo":"Bayern banca Olise e recha\u00e7a interesse do Real Madrid","link":"https:\/\/www.futebolinterior.com.br\/bayern-banca-permanencia-de-olise-e-rechaca-interesse-do-real-madrid\/","chapeu":"FICA","data":"25\/07\/2026","imagem":"https:\/\/images.futebolinterior.com.br\/2026\/07\/imagem_2026-07-25_184437437-300x241.webp","resumo":"Destaque da sele\u00e7\u00e3o francesa na Copa do Mundo, Michael Olise segue em alta no Bayern de Munique"},"2507316":{"titulo":"CAS julgar\u00e1 recurso de Senegal contra perda do t\u00edtulo da Copa Africana de Na\u00e7\u00f5es","link":"https:\/\/www.futebolinterior.com.br\/cas-julgara-recurso-de-senegal-contra-perda-do-titulo-da-copa-africana-de-nacoes\/","chapeu":"DATA MARCADA","data":"24\/07\/2026","imagem":"https:\/\/images.futebolinterior.com.br\/2026\/07\/Screenshot_161-300x179.webp","resumo":"Os senegaleses venceram o Marrocos por 1 a 0, mas tiveram a conquista revogada por terem abandonado o campo durante o duelo."}}