{"2509938":{"titulo":"Idealizador defende plano da Fifa e descarta 'venda' da Copa","link":"https:\/\/www.futebolinterior.com.br\/idealizador-defende-fifa-e-descarta-venda-da-copa\/","chapeu":"EITA","data":"30\/07\/2026","imagem":"https:\/\/images.futebolinterior.com.br\/2026\/07\/Screenshot_196-300x145.webp","resumo":"Uefa e Concacaf anunciaram rompimento com a Fifa assim que souberam do 'projeto' e prometeram boicotar a pr\u00f3xima Copa do Mundo"},"2509862":{"titulo":"Futebol feminino pode ser o primeiro impactado com o boicote da Uefa","link":"https:\/\/www.futebolinterior.com.br\/futebol-feminino-pode-ser-o-primeiro-impactado-com-o-boicote-da-uefa\/","chapeu":"GRAVE","data":"30\/07\/2026","imagem":"https:\/\/images.futebolinterior.com.br\/2026\/05\/infantino-brinca-com-valores-ingressos-copa-300x164.webp","resumo":"J\u00e1 no profissional, o impacto poder\u00e1 ocorrer nas eliminat\u00f3rias da Copa do Mundo Feminina de 2027, a ser realizada no Brasil"},"2509823":{"titulo":"\u00c1rbitro relata 'responsabilidade enorme' ao apitar final da Copa e elogia Messi","link":"https:\/\/www.futebolinterior.com.br\/arbitro-fala-apos-final-copa-do-mundo\/","chapeu":"RESPONSABILIDADE","data":"30\/07\/2026","imagem":"https:\/\/images.futebolinterior.com.br\/2026\/07\/image-300x288.webp","resumo":"Um dos assuntos abordados foi a conversa que teve com Messi ao longo da decis\u00e3o. Sem revelar o conte\u00fado do di\u00e1logo, Vincic preferiu preservar o que foi dito em campo"},"2509845":{"titulo":"Concacaf vai contra a Fifa e rejeita proposta de venda de direitos","link":"https:\/\/www.futebolinterior.com.br\/concacaf-vai-contra-a-fifa-e-rejeita-proposta-de-venda-de-direitos\/","chapeu":"MAIS UMA","data":"30\/07\/2026","imagem":"https:\/\/images.futebolinterior.com.br\/2026\/07\/Concaca-300x160.webp","resumo":"N\u00e3o \u00e9 a primeira associa\u00e7\u00e3o a ir contra a federa\u00e7\u00e3o m\u00e1xima do futebol. Ainda hoje, os pa\u00edses da Uefa anunciaram boicote a todos os torneios geridos pela Fifa "},"2509709":{"titulo":"Uefa anuncia veto a torneios da Fifa at\u00e9 que plano de venda seja revogado","link":"https:\/\/www.futebolinterior.com.br\/uefa-anuncia-veto-a-torneios-da-fifa-ate-que-plano-de-venda-seja-revogado\/","chapeu":"POL\u00cdTICA","data":"30\/07\/2026","imagem":"https:\/\/images.futebolinterior.com.br\/2025\/09\/DyOWxwEr-Screenshot_248-300x180.webp","resumo":"\"Nenhuma sele\u00e7\u00e3o da Uefa vai participar de competi\u00e7\u00f5es da Fifa enquanto estas propostas estiverem vivas, a n\u00e3o ser que ela seja inteiramente abandonada\""},"2509660":{"titulo":"Uefa articula oponente de Infantino nas elei\u00e7\u00f5es da Fifa","link":"https:\/\/www.futebolinterior.com.br\/uefa-articula-oponente-infantino-eleicoes-fifa\/","chapeu":"BASTIDORES","data":"30\/07\/2026","imagem":"https:\/\/images.futebolinterior.com.br\/2026\/07\/fifa-uefa-eleicoes-osg-300x180.webp","resumo":"A gest\u00e3o de Infantino como presidente da Fifa est\u00e1 cada vez mais desagrad\u00e1vel aos olhos Uefa"},"2509379":{"titulo":"Infantino usa Cabo Verde para defender plano comercial da Fifa","link":"https:\/\/www.futebolinterior.com.br\/infantino-usa-cabo-verde-para-defender-plano-comercial-da-fifa\/","chapeu":"PROPOSTA","data":"29\/07\/2026","imagem":"https:\/\/images.futebolinterior.com.br\/2026\/03\/fifa-testara-nova-regra-de-impedimento-300x171.webp","resumo":"Gianni Infantino usou o exemplo de Cabo Verde para defender a cria\u00e7\u00e3o da FIFA Forward Enterprise (FFE)"},"2509358":{"titulo":"Iniesta refor\u00e7a idolatria pelo amigo Messi","link":"https:\/\/www.futebolinterior.com.br\/iniesta-reforca-idolatria-pelo-amigo-messi\/","chapeu":"ESCUDEIRO","data":"29\/07\/2026","imagem":"https:\/\/images.futebolinterior.com.br\/2024\/10\/Snapinsta.app_452566081_18447372925033117_663638542161799557_n_1080-300x200.jpg","resumo":"Messi foi o artilheiro da Argentina na Copa do Mundo com oito gols. Ficou atr\u00e1s, somente, do franc\u00eas Mbapp\u00e9"},"2509212":{"titulo":"Fifa abre processos contra Argentina por atos de torcedores na Copa","link":"https:\/\/www.futebolinterior.com.br\/fifa-abre-processos-contra-argentina\/","chapeu":"DEU RUIM","data":"29\/07\/2026","imagem":"https:\/\/images.futebolinterior.com.br\/2026\/07\/HfJtR611-image-300x190.webp","resumo":"As investiga\u00e7\u00f5es envolvem tanto a Associa\u00e7\u00e3o do Futebol Argentino (AFA) quanto jogadores e integrantes da comiss\u00e3o t\u00e9cnica por epis\u00f3dios registrados"},"2509181":{"titulo":"Ancelotti lidera sal\u00e1rios entre t\u00e9cnicos de sele\u00e7\u00f5es","link":"https:\/\/www.futebolinterior.com.br\/ancelotti-lidera-salario-selecoes\/","chapeu":"BEM PAGO","data":"29\/07\/2026","imagem":"https:\/\/images.futebolinterior.com.br\/2026\/07\/imagem_2026-07-05_215333954-300x190.webp","resumo":"J\u00e1 o campe\u00e3o do Mundial deste ano, Luis de la Fuente recebe cerca de 2 milh\u00f5es de euros (R$ 11,7 milh\u00f5es)"}}