{"2511512":{"titulo":"Muricy Ramalho aponta os desafios de Ancelotti para 2030","link":"https:\/\/www.futebolinterior.com.br\/muricy-ramalho-os-desafios-de-ancelotti\/","chapeu":"DESAFIOS","data":"04\/08\/2026","imagem":"https:\/\/images.futebolinterior.com.br\/2026\/08\/Muricy-Ramalho-Curso-300x195.webp","resumo":"Muricy Ramalho diz que o Brasil precisa ser um time que jogue bonito, sempre em busca do gol e que tenha esp\u00edrito vencedor."},"2510918":{"titulo":"Uefa amea\u00e7a processar Infantino em carta e alerta sobre 'n\u00e3o destruir provas'","link":"https:\/\/www.futebolinterior.com.br\/uefa-ameaca-processar-infantino-em-carta-e-alerta-sobre-nao-destruir-provas\/","chapeu":"SE LIGA!","data":"02\/08\/2026","imagem":"https:\/\/images.futebolinterior.com.br\/2026\/08\/uefa-300x169.webp","resumo":"Infantino rapidamente cancelou os planos da FFE, que visava 'vender' participa\u00e7\u00f5es a investidores privados do seu principal torneio - a Copa do Mundo - e outros eventos"},"2510896":{"titulo":"Assembleia Geral pode ser convocada para avaliar destitui\u00e7\u00e3o de Infantino na Fifa","link":"https:\/\/www.futebolinterior.com.br\/assembleia-geral-pode-ser-convocada-para-avaliar-destituicao-de-infantino-na-fifa\/","chapeu":"Veja!","data":"02\/08\/2026","imagem":"https:\/\/images.futebolinterior.com.br\/2026\/08\/infantino-300x180.webp","resumo":"O Conselho da Fifa \u00e9 formado por 28 representantes das seis confedera\u00e7\u00f5es, oito vice-presidentes e Gianni Infantino"},"2510861":{"titulo":"Real Madrid se pronuncia contra venda da Copa do Mundo","link":"https:\/\/www.futebolinterior.com.br\/real-madrid-pronuncia-contra-venda-copa\/","chapeu":"FORTE!","data":"02\/08\/2026","imagem":"https:\/\/images.futebolinterior.com.br\/2026\/08\/real-madrid-fifa-copa-do-mundo-300x160.webp","resumo":"O Real tamb\u00e9m agradeceu \u00e0 Uefa, confedera\u00e7\u00f5es, federa\u00e7\u00f5es nacionais e demais institui\u00e7\u00f5es que se opuseram ao projeto"},"2510846":{"titulo":"Cucurella surpreende carteiro ao emprestar medalha da Copa do Mundo","link":"https:\/\/www.futebolinterior.com.br\/cucurella-carteiro-medalha-da-copa\/","chapeu":"GENTE BOA","data":"02\/08\/2026","imagem":"https:\/\/images.futebolinterior.com.br\/2026\/08\/rbVpYmis-image-300x235.webp","resumo":"Durante uma entrega em sua casa, em Horsham, cidade localizada a cerca de 60 quil\u00f4metros de Londres, o lateral espanhol permitiu que um carteiro tirasse uma foto com a medalha conquistada na Copa do Mundo"},"2510714":{"titulo":"Pentacampe\u00e3o, Kl\u00e9berson passa por cateterismo nos EUA","link":"https:\/\/www.futebolinterior.com.br\/kleberson-passa-por-cateterismo\/","chapeu":"SUSTO","data":"01\/08\/2026","imagem":"https:\/\/images.futebolinterior.com.br\/2026\/08\/kleberson-cateterismo-eua-1-300x174.webp","resumo":"Segundo Kl\u00e9berson, ele procurou o UCF Lake Nona Hospital ap\u00f3s o retorno para casa e foi submetido a um cateterismo"},"2510061":{"titulo":"Fifa estuda realizar a pr\u00f3xima Copa do Mundo com 64 sele\u00e7\u00f5es","link":"https:\/\/www.futebolinterior.com.br\/fifa-estuda-realizar-a-proxima-copa-do-mundo-com-64-selecoes\/","chapeu":"PLANEJAMENTO","data":"31\/07\/2026","imagem":"https:\/\/images.futebolinterior.com.br\/2025\/04\/Gianni-Infantino-300x126.jpg","resumo":"Gianni Infantino deseja ampliar a representatividade do torneio em continentes como \u00c1sia, \u00c1frica e Oceania"},"2509980":{"titulo":"M\u00e9xico diverge da Concacaf e vai 'estudar' proposta da Fifa","link":"https:\/\/www.futebolinterior.com.br\/mexico-diverge-da-concacaf-sobre-fifa\/","chapeu":"A FAVOR","data":"31\/07\/2026","imagem":"https:\/\/images.futebolinterior.com.br\/2026\/07\/fifa-300x200.avif","resumo":"Diferentemente da Concacaf, que se manifestou contra o projeto, os mexicanos afirmaram que ir\u00e3o avaliar com carinho."},"2509987":{"titulo":"Oceania fica neutra no projeto pol\u00eamico da Fifa","link":"https:\/\/www.futebolinterior.com.br\/oceania-fica-neutra-no-projeto-da-fifa\/","chapeu":"POLEMICA","data":"31\/07\/2026","imagem":"https:\/\/images.futebolinterior.com.br\/2026\/07\/EspanhaxArgentina-2026-300x179.webp","resumo":"A ideia da Fifa consiste em vender participa\u00e7\u00f5es minorit\u00e1rias por meio do novo programa de neg\u00f3cios, avaliado em R$ 102,5 bilh\u00f5es."},"2509989":{"titulo":"S\u00e9rgio Carvalho: Ancelotti reconhece erros. Mas, agora?","link":"https:\/\/www.futebolinterior.com.br\/sergio-carvalho-ancelotti-reconhece-erros\/","chapeu":"OPINI\u00c3O","data":"30\/07\/2026","imagem":"https:\/\/images.futebolinterior.com.br\/2026\/07\/sERGIO-CARVALHO-IMAGEM-QUADRADA-300x210.webp","resumo":"Pior foi quando escalado contra a Noruega, Neymar fracassou totalmente. O time involuiu com a presen\u00e7a dele e acabou eliminado da Copa"}}