{"2513045":{"titulo":"Dan O'Toole, o homem que fez o plano para \"vender a Copa\"","link":"https:\/\/www.futebolinterior.com.br\/dan-otoole-o-homem-que-fez-o-plano-para-vender-a-copa\/","chapeu":"POL\u00cdTICA","data":"07\/08\/2026","imagem":"https:\/\/images.futebolinterior.com.br\/2026\/08\/Dan-o-Toole-300x300.webp","resumo":"De acordo com a publica\u00e7\u00e3o, O'Toole \u00e9 um dos homens de confian\u00e7a de Gianni Infantino, presidente da Fifa, e teve papel central no planejamento da FFE"},"2512696":{"titulo":"Roberto Mancini apresenta nova equipe t\u00e9cnica da sele\u00e7\u00e3o italiana","link":"https:\/\/www.futebolinterior.com.br\/roberto-mancini-apresenta-nova-equipe-tecnica-da-selecao-italiana\/","chapeu":"TROCAS","data":"06\/08\/2026","imagem":"https:\/\/images.futebolinterior.com.br\/2026\/08\/imagem_2026-08-06_232305015-300x218.webp","resumo":"A sele\u00e7\u00e3o italiana do t\u00e9cnico Roberto Mancini come\u00e7a a tomar forma, semanas ap\u00f3s o fim da Copa do Mundo de 2026"},"2512617":{"titulo":"Fifa determina os mesmos padr\u00f5es do masculino para a Copa Feminina de 2027 no Brasil","link":"https:\/\/www.futebolinterior.com.br\/fifa-determina-os-mesmos-padroes-do-masculino-para-a-copa-feminina-de-2027-no-brasil\/","chapeu":"MESMA COISA","data":"06\/08\/2026","imagem":"https:\/\/images.futebolinterior.com.br\/2026\/08\/Screenshot_231-300x175.webp","resumo":"Gal Barradas ainda revela expectativas com a edi\u00e7\u00e3o e \"prateleira de import\u00e2ncia\" para a federa\u00e7\u00e3o internacional."},"2512646":{"titulo":"'Fama \u00e9 uma palavra de que n\u00e3o gosto', diz Vozinha","link":"https:\/\/www.futebolinterior.com.br\/fama-e-uma-palavra-de-que-nao-gosto-diz-vozinha\/","chapeu":"FAMOSO","data":"06\/08\/2026","imagem":"https:\/\/images.futebolinterior.com.br\/2026\/08\/imagem_2026-08-06_213526480-300x223.webp","resumo":"Vozinha comentou sobre como tem sido sua vida ap\u00f3s virar um dos principais personagens do esporte no ano"},"2512605":{"titulo":"Sindicato dos jogadores faz exig\u00eancias alerta \u00e0 Fifa","link":"https:\/\/www.futebolinterior.com.br\/sindicato-dos-jogadores-faz-exigencias-alerta-a-fifa\/","chapeu":"UM CIRCO","data":"06\/08\/2026","imagem":"https:\/\/images.futebolinterior.com.br\/2026\/08\/FIFPRO-300x169.avif","resumo":"No documento, o sindicato listou uma s\u00e9ria de exig\u00eancias para entidade colocar em pr\u00e1tica o mais breve poss\u00edvel. A principal delas \u00e9 o pedido por uma reforma estrutural"},"2512600":{"titulo":"Confedera\u00e7\u00e3o Africana declara apoio a Infantino","link":"https:\/\/www.futebolinterior.com.br\/confederacao-africana-declara-apoio-a-infantino\/","chapeu":"POL\u00cdTICA","data":"06\/08\/2026","imagem":"https:\/\/images.futebolinterior.com.br\/2026\/08\/CAF-300x203.webp","resumo":"A entidade soltou um comunicado mostrando-se ao lado do dirigente ap\u00f3s ele recuar no projeto, pedir desculpas e admitir que seria um erro"},"2512472":{"titulo":"Uruguai oficializa Diego Forl\u00e1n como novo treinador","link":"https:\/\/www.futebolinterior.com.br\/uruguai-oficializa-diego-forlan-treinador\/","chapeu":"DEFINIDO","data":"06\/08\/2026","imagem":"https:\/\/images.futebolinterior.com.br\/2026\/08\/diego-furlan-uguguai-copa-300x176.webp","resumo":"A mudan\u00e7a de treinador acontece menos de dois meses depois da elimina\u00e7\u00e3o precoce do Uruguai na Copa do Mundo de 2026"},"2512021":{"titulo":"Figo detona Infantino e pede ren\u00fancia do presidente da Fifa","link":"https:\/\/www.futebolinterior.com.br\/figo-detona-infantino-fifa\/","chapeu":"CASO FIFA","data":"05\/08\/2026","imagem":"https:\/\/images.futebolinterior.com.br\/2026\/08\/figo-infantino-fifa-300x174.webp","resumo":"Figo demonstrou seu descontentamento com as possibilidades criadas pela Fifa para o futuro do futebol"},"2511747":{"titulo":"Blatter faz coro para norueguesa substituir Infantino na Fifa","link":"https:\/\/www.futebolinterior.com.br\/blatter-faz-coro-para-norueguesa-substituir-infantino-na-fifa\/","chapeu":"POL\u00cdTICA","data":"04\/08\/2026","imagem":"https:\/\/images.futebolinterior.com.br\/2025\/08\/Blatter-e-Platini-sao-absolvidos-300x200.webp","resumo":"Nome de relev\u00e2ncia em seu pa\u00eds, ela \u00e9 uma ex-jogadora da sele\u00e7\u00e3o norueguesa e um caso rar\u00edssimo de lideran\u00e7a feminina no futebol mundial"},"2511668":{"titulo":"Sedes americanas cobram Fifa por dinheiro prometido antes da Copa do Mundo","link":"https:\/\/www.futebolinterior.com.br\/sedes-americanas-cobram-fifa-por-dinheiro-prometido-antes-da-copa-do-mundo\/","chapeu":"CASO","data":"04\/08\/2026","imagem":"https:\/\/images.futebolinterior.com.br\/2026\/08\/IMG_6635-300x145.webp","resumo":""}}