{"1633775":{"titulo":"Mancini projeta duelo contra o Botafogo pela Copa do Brasil","link":"https:\/\/www.futebolinterior.com.br\/mancini-projeta-duelo-contra-o-botafogo-pela-copa-do-brasil\/","chapeu":"DECIS\u00c3O","data":"26\/06\/2022","imagem":"https:\/\/images.futebolinterior.com.br\/2022\/06\/MANCINI-1-300x169.jpg","resumo":"Nesta quinta, a equipe recebe o Botafogo-RJ, \u00e0s 19h, na primeira partida das Oitavas de Final da Copa do Brasil."},"1633328":{"titulo":"Copa do Brasil: Atl\u00e9tico-MG pede puni\u00e7\u00e3o a Gabigol por falar \"inferno\"","link":"https:\/\/www.futebolinterior.com.br\/copa-do-brasil-atletico-mg-pede-punicao-ao-gabigol-por-falar-inferno\/","chapeu":"S\u00c9RIO?","data":"25\/06\/2022","imagem":"https:\/\/images.futebolinterior.com.br\/2022\/06\/atletico-mg-gabigol-300x155.jpg","resumo":"Galo alega que o atacante teria incitado a viol\u00eancia"},"1632614":{"titulo":"T\u00e9cnico do Zenit v\u00ea sa\u00edda de Yuri Alberto como prov\u00e1vel","link":"https:\/\/www.futebolinterior.com.br\/tecnico-do-zenit-ve-saida-de-yuri-alberto-como-provavel\/","chapeu":"PERTO!","data":"24\/06\/2022","imagem":"https:\/\/images.futebolinterior.com.br\/2022\/06\/yuri-alberto-no-zenit-300x163.png","resumo":"Ap\u00f3s imposi\u00e7\u00e3o da FIFA, Yuri Alberto pode se transferir por empr\u00e9stimo at\u00e9 o meio de 2023"},"1632606":{"titulo":"Zagueiro do S\u00e3o Paulo rompe ligamentos do tornozelo e perde a temporada","link":"https:\/\/www.futebolinterior.com.br\/zagueiro-do-sao-paulo-rompe-ligamentos-do-tornozelo-e-perde-a-temporada\/","chapeu":"FOR\u00c7A!","data":"24\/06\/2022","imagem":"https:\/\/images.futebolinterior.com.br\/2022\/03\/arboleada-300x200.jpg","resumo":"Zagueiro Arboleda passar\u00e1 por cirurgia ainda nesta sexta-feira, com longo per\u00edodo de recupera\u00e7\u00e3o pela frente"},"1632490":{"titulo":"Quarto goleiro do Corinthians deve deixar o elenco no meio do ano","link":"https:\/\/www.futebolinterior.com.br\/quarto-goleiro-corinthians-deve-sair\/","chapeu":"DE SA\u00cdDA","data":"24\/06\/2022","imagem":"https:\/\/images.futebolinterior.com.br\/2022\/06\/Corinthians-4-Goleiro-300x179.jpg","resumo":"Guilherme Castellani, de 22 anos, tem contrato com o Corinthians at\u00e9 o final deste ano.\n"},"1632429":{"titulo":"S\u00e3o Paulo vence e Ceni desabafa: 'N\u00e3o h\u00e1 t\u00e9cnico mais bem preparado do que eu'","link":"https:\/\/www.futebolinterior.com.br\/vitoria-do-sao-paulo-ceni-confiante\/","chapeu":"CONFIANTE","data":"24\/06\/2022","imagem":"https:\/\/images.futebolinterior.com.br\/2022\/06\/Sao-Paulo-Ceni-300x184.jpg","resumo":"O treinador do S\u00e3o Paulo aproveitou o triunfo para se auto elogiar."},"1632434":{"titulo":"Palmeiras v\u00ea ruir s\u00e9rie invicta de 19 jogos e tem S\u00e3o Paulo como principal algoz","link":"https:\/\/www.futebolinterior.com.br\/palmeiras-ve-ruir-serie-invicta-de-19-jogos-e-tem-sao-paulo-como-principal-algoz\/","chapeu":"IMPORTANTE!","data":"24\/06\/2022","imagem":"https:\/\/images.futebolinterior.com.br\/2022\/06\/scarpa-cdb-300x173.jpg","resumo":"Sequ\u00eancia invicta do Palmeiras \u00e9 quebrada pelo S\u00e3o Paulo na Copa do Brasil"},"1632382":{"titulo":"Copa do Brasil: Zagueiro do S\u00e3o Paulo sai de campo lesionado e preocupa","link":"https:\/\/www.futebolinterior.com.br\/copa-do-brasil-zagueiro-do-sao-paulo-sai-de-campo-lesionado-e-preocupa\/","chapeu":"FOR\u00c7A","data":"24\/06\/2022","imagem":"https:\/\/images.futebolinterior.com.br\/2022\/06\/arboleda-300x290.jpg","resumo":""},"1632373":{"titulo":"Fluminense poderia ter feito mais gols, fala Diniz. Veja !","link":"https:\/\/www.futebolinterior.com.br\/fluminense-poderia-ter-feito-mais-gols-fala-diniz-veja\/","chapeu":"DAVA MAIS !","data":"24\/06\/2022","imagem":"https:\/\/images.futebolinterior.com.br\/2022\/06\/Fernando-Diniz-fluminense-reproducao-youtube-300x194.jpg","resumo":"Ele tamb\u00e9m reclamou da arbitragem e rasgou elogios ao atacante Luiz Henrique, que disputou seu \u00faltimo jogo dentro do Maracan\u00e3"},"1632362":{"titulo":"Vit\u00f3ria deixa Ceni aliviado: 'Mostra que o trabalho na 2\u00aa feira foi bem feito'","link":"https:\/\/www.futebolinterior.com.br\/vitoria-deixa-ceni-aliviado-mostra-que-o-trabalho-na-2a-feira-foi-bem-feito\/","chapeu":"UFA","data":"24\/06\/2022","imagem":"https:\/\/images.futebolinterior.com.br\/2022\/06\/Rogerio-Ceni-SP-300x202.jpg","resumo":"Ceni aproveitou tamb\u00e9m para se defender das cr\u00edticas sofridas na virada traum\u00e1tica de segunda-feira pelo Campeonato Brasileiro"}}