{"1632301":{"titulo":"Copa do Brasil: Meia reconhece jogo ruim do Palmeiras, mas confia na vaga","link":"https:\/\/www.futebolinterior.com.br\/copa-do-brasil-meia-reconhece-jogo-ruim-do-palmeiras-mas-confia-na-vaga\/","chapeu":"REVERS\u00cdVEL","data":"23\/06\/2022","imagem":"https:\/\/images.futebolinterior.com.br\/2022\/06\/scarpa-cdb-300x173.jpg","resumo":"Palmeiras foi superado no Morumbi, por 1 a 0 e precisa ganhar de dois gols de diferen\u00e7a na volta"},"1632290":{"titulo":"Copa do Brasil: Goleiro elogia S\u00e3o Paulo ap\u00f3s vit\u00f3ria: 'Aprendemos com os erros'","link":"https:\/\/www.futebolinterior.com.br\/copa-do-brasil-goleiro-elogia-sao-paulo-apos-vitoria-aprendemos-com-os-erros\/","chapeu":"REA\u00c7\u00c3O","data":"23\/06\/2022","imagem":"https:\/\/images.futebolinterior.com.br\/2022\/06\/jandrei-sp-300x167.jpg","resumo":"S\u00e3o Paulo venceu o Palmeiras por 1 a 0 e abriu vantagem nas oitavas da Copa do Brasil"},"1632293":{"titulo":"COPA DO BRASIL: S\u00e3o Paulo se vinga do Palmeiras e Flu sai na frente","link":"https:\/\/www.futebolinterior.com.br\/copa-do-brasil-sao-paulo-se-vinga-do-palmeiras-e-flu-sai-na-frente\/","chapeu":"VINGAN\u00c7A","data":"23\/06\/2022","imagem":"https:\/\/images.futebolinterior.com.br\/2022\/06\/abre-cdb-300x237.jpg","resumo":"Com a vantagem m\u00ednima, os dois Tricolores jogam pelo empate no jogo de volta que s\u00f3 acontece em julho."},"1632252":{"titulo":"S\u00e3o Paulo 1 x 0 Palmeiras - Em cl\u00e1ssico, vit\u00f3ria simples \u00e9 goleada!","link":"https:\/\/www.futebolinterior.com.br\/sao-paulo-1-x-0-palmeiras-em-classico-vitoria-simples-e-goleada\/","chapeu":"DEU TRICOLOR","data":"23\/06\/2022","imagem":"https:\/\/images.futebolinterior.com.br\/2022\/06\/sao-paulo-4-300x178.jpg","resumo":""},"1632184":{"titulo":"Fluminense 2 x 1 Cruzeiro - De cabe\u00e7a, Tricolor sai na frente da Raposa","link":"https:\/\/www.futebolinterior.com.br\/fluminense-2-x-1-cruzeiro-de-cabeca-tricolor-sai-na-frente-da-raposa\/","chapeu":"NA FRENTE","data":"23\/06\/2022","imagem":"https:\/\/images.futebolinterior.com.br\/2022\/06\/cano-2-1-300x174.jpg","resumo":"Os times voltam a se enfrentar no dia 12 de julho, no Mineir\u00e3o."},"1631967":{"titulo":"Pol\u00edcia investiga ataque \u00e0 torcedores do Corinthians","link":"https:\/\/www.futebolinterior.com.br\/gavioes-torcida-corinthians-atacada\/","chapeu":"EMBOSCADA","data":"23\/06\/2022","imagem":"https:\/\/images.futebolinterior.com.br\/2022\/06\/corinthianssss-300x181.jpg","resumo":"A Gavi\u00f5es da Fiel, maior torcida organizada do Corinthians, emitiu uma nota lamentando o ocorrido.\n"},"1631795":{"titulo":"Copa do Brasil: T\u00e9cnico do Bahia sai em defesa dos laterais na derrota para o Athletico-PR","link":"https:\/\/www.futebolinterior.com.br\/copa-do-brasil-tecnico-do-bahia-sai-em-defesa-dos-laterais-na-derrota-para-o-athletico-pr\/","chapeu":"","data":"23\/06\/2022","imagem":"https:\/\/images.futebolinterior.com.br\/2022\/06\/guto-300x185.jpg","resumo":"O Tricolor baiano perdeu de virada para o Furac\u00e3o pelo jogo de ida das Oitavas de Final da Copa do Brasi"},"1631779":{"titulo":"Copa do Brasil: Jorginho lamenta poucas finaliza\u00e7\u00f5es do Atl\u00e9tico-GO no cl\u00e1ssico contra o Goi\u00e1s","link":"https:\/\/www.futebolinterior.com.br\/copa-do-brasil-jorginho-lamenta-poucas-finalizacoes-em-gol-no-classico-contra-o-goias\/","chapeu":"Faltou chutar!","data":"23\/06\/2022","imagem":"https:\/\/images.futebolinterior.com.br\/2022\/06\/jo-1-300x200.jpg","resumo":"Apesar do jogo movimentado, a partida ficou no 0 a 0. "},"1631758":{"titulo":"Atl\u00e9tico-MG pode ser denunciado por isqueiro, ferro e ruela jogados nos gramados por seus torcedores","link":"https:\/\/www.futebolinterior.com.br\/atletico-mg-pode-ser-denunciado-por-isqueiro-ferro-e-ruela-jogados-nos-gramados-por-seus-torcedores\/","chapeu":"DEU RUIM!","data":"23\/06\/2022","imagem":"https:\/\/images.futebolinterior.com.br\/2022\/06\/52167324500_dcfa7b251c_c-300x200.jpg","resumo":""},"1631744":{"titulo":"Felip\u00e3o brinca com idade e destaca esp\u00edrito do Athletico em vit\u00f3ria na Copa do Brasil","link":"https:\/\/www.futebolinterior.com.br\/felipao-brinca-com-idade-e-destaca-espirito-do-athletico-em-vitoria-na-copa-do-brasil\/","chapeu":"\u00c9 O CARA!","data":"23\/06\/2022","imagem":"https:\/\/images.futebolinterior.com.br\/2022\/06\/felipao-300x167.jpg","resumo":""}}