{"1636341":{"titulo":"V\u00edtor Pereira passa Tite e tem maior invencibilidade na Neo Qu\u00edmica Arena","link":"https:\/\/www.futebolinterior.com.br\/vitor-pereira-passa-tite-e-tem-maior-invencibilidade-na-neo-quimica-arena\/","chapeu":"INVENC\u00cdVEL!","data":"30\/06\/2022","imagem":"https:\/\/images.futebolinterior.com.br\/2022\/05\/Vitor-Pereira-Corinthians-300x222.jpg","resumo":"Apesar do empate entre Corinthians e Boca Juniors em 0 a 0, pela partida da Libertadores, o resultado consolidou um recorde para o t\u00e9cnico V\u00edtor Pereira"},"1636266":{"titulo":"T\u00e9cnico de time da S\u00e9rie A d\u00e1 R$120 a morador de rua em BH","link":"https:\/\/www.futebolinterior.com.br\/tecnico-de-time-da-serie-a-da-r120-a-morador-de-rua-em-bh\/","chapeu":"PRESENTEOU!","data":"30\/06\/2022","imagem":"https:\/\/images.futebolinterior.com.br\/2022\/06\/luis-castro-1-300x176.jpg","resumo":"O t\u00e9cnico do Botafogo, Lu\u00eds Castro deu dinheiro a um morador de rua que parou o treinador portugu\u00eas na chegada da delega\u00e7\u00e3o do Fog\u00e3o em hotel"},"1636148":{"titulo":"Abel Ferreira cita Lewis Hamilton e faz desabafo contra cr\u00edticos do Palmeiras","link":"https:\/\/www.futebolinterior.com.br\/abel-ferreira-cita-lewis-hamilton-e-faz-desabafo-contra-criticos-do-palmeiras\/","chapeu":"QUE FASE!","data":"30\/06\/2022","imagem":"https:\/\/images.futebolinterior.com.br\/2022\/06\/abel-ferreira-treinador-palmeiras-2022-02-300x162.jpg","resumo":"Abel Ferreira cita frase de Lewis Hamilton, e fala sobre fase do Palmeiras nas competi\u00e7\u00f5es em que disputa"},"1635794":{"titulo":"Am\u00e9rica-MG x Botafogo - Duelo da elite fecha rodada de ida das oitavas da Copa BR","link":"https:\/\/www.futebolinterior.com.br\/america-mg-x-botafogo-duelo-da-elite-fecha-rodada-de-ida-das-oitavas-da-copa-br\/","chapeu":"VALE MUITO","data":"29\/06\/2022","imagem":"https:\/\/images.futebolinterior.com.br\/2022\/06\/botafogo-america-mg-copa-do-brasil-300x169.jpg","resumo":"Agora, quem avan\u00e7ar \u00e0s quartas de final, embolsar\u00e1 mais R$ 3,9 milh\u00f5es"},"1635691":{"titulo":"Atl\u00e9tico-MG pede refor\u00e7o na seguran\u00e7a para partida contra o Flamengo","link":"https:\/\/www.futebolinterior.com.br\/atletico-mg-pede-reforco-seguranca\/","chapeu":"PRECAU\u00c7\u00c3O","data":"29\/06\/2022","imagem":"https:\/\/images.futebolinterior.com.br\/2022\/06\/atletico-mg-2-300x173.jpg","resumo":"Flamengo e Atl\u00e9tico-MG se enfrentam pela segunda rodada das oitavas no dia 13 de Julho, no Maracan\u00e3. "},"1634790":{"titulo":"Atl\u00e9tico-MG tem suas novas camisas com a Adidas vazadas","link":"https:\/\/www.futebolinterior.com.br\/atletico-mg-tem-suas-novas-camisas-com-a-adidas-vazadas\/","chapeu":"VAZOU!","data":"28\/06\/2022","imagem":"https:\/\/images.futebolinterior.com.br\/2022\/06\/novas-camisas-do-atletico-mg-300x234.png","resumo":"Com pol\u00eamica na camisa de goleiro, Atl\u00e9tico-MG tem suas camisas novas vazadas"},"1634716":{"titulo":"S\u00e3o Paulo buscar\u00e1 op\u00e7\u00f5es acess\u00edveis na pr\u00f3xima janela","link":"https:\/\/www.futebolinterior.com.br\/sao-paulo-buscara-opcoes-acessiveis-na-proxima-janela\/","chapeu":"DE OLHO!","data":"28\/06\/2022","imagem":"https:\/\/images.futebolinterior.com.br\/2022\/06\/Marcos-Guilherme-1-300x212.jpg","resumo":"S\u00e3o Paulo busca op\u00e7\u00f5es acess\u00edveis no mercado de transfer\u00eancias, e espera vender atletas para pagar d\u00edvidas"},"1634709":{"titulo":"Jemerson volta ao Atl\u00e9tico-MG 'mais experiente' e querendo manuten\u00e7\u00e3o de t\u00edtulos","link":"https:\/\/www.futebolinterior.com.br\/jemerson-volta-ao-atletico-mg-mais-experiente-e-querendo-manutencao-de-titulos\/","chapeu":"REFOR\u00c7O!","data":"28\/06\/2022","imagem":"https:\/\/images.futebolinterior.com.br\/2022\/06\/atletico-mg-300x178.jpg","resumo":"Jemerson retorna ao Atl\u00e9tico-MG ap\u00f3s passagem pelo Monaco-FRA"},"1634205":{"titulo":"Meia do Santos esquece goleada e pede foco para a Sul-Americana","link":"https:\/\/www.futebolinterior.com.br\/meia-do-santos-esquece-goleada-e-pede-foco-para-a-sul-americana\/","chapeu":"FOCADO","data":"27\/06\/2022","imagem":"https:\/\/images.futebolinterior.com.br\/2022\/06\/Camacho-300x136.jpg","resumo":"Meia do Santos, Camacho, busca esquecer a goleada que sofreou para o Corinthians e prioriza a Sul-Americana contra o Deportivo T\u00e1chira"},"1634158":{"titulo":"Refor\u00e7os devem chegar no Cear\u00e1 na pr\u00f3xima janela de transfer\u00eancias","link":"https:\/\/www.futebolinterior.com.br\/reforcos-devem-chegar-no-ceara-na-proxima-janela-de-transferencias\/","chapeu":"REFOR\u00c7OS!","data":"27\/06\/2022","imagem":"https:\/\/images.futebolinterior.com.br\/2022\/08\/Marquinhos-Santos-Ceara-e1661316197411-300x172.jpg","resumo":"A recente sequ\u00eancia ruim do Cear\u00e1 somando Campeonato Brasileiro e Copa do Brasil faz o t\u00e9cnico pensar em refor\u00e7os"}}