{"202614":{"titulo":"Vice-presidente da ACEISP estreia em programa de TV no ABC Paulista","link":"https:\/\/www.futebolinterior.com.br\/vice-presidente-da-aceisp-estreia-em-programa-de-tv-no-abc-paulista\/","chapeu":"NOVIDADE!","data":"05\/02\/2020","imagem":"https:\/\/images.futebolinterior.com.br\/2020\/11\/0002050447427_img-300x234.jpg","resumo":"Atra\u00e7\u00e3o \u00e9 exibida de segunda a sexta-feira, a partir das 19 horas, e traz as principais not\u00edcias das equipes da regi\u00e3o"},"202618":{"titulo":"Paulist\u00e3o: Centroavante perde 'invencibilidade pessoal' em derrota da Ponte Preta; entenda","link":"https:\/\/www.futebolinterior.com.br\/paulistao-centroavante-perde-invencibilidade-pessoal-em-derrota-da-ponte-preta-entenda\/","chapeu":"CURIOSIDADES","data":"05\/02\/2020","imagem":"https:\/\/images.futebolinterior.com.br\/2020\/11\/0002050447426_img-300x200.jpg","resumo":"No duelo em Limeira, Roger foi substitu\u00eddo pela primeira vez sob comando de Gilson Kleina"},"202616":{"titulo":"S\u00e9rgio Soares comemora semana livre na Ferrovi\u00e1ria ap\u00f3s goleada pelo Paulist\u00e3o","link":"https:\/\/www.futebolinterior.com.br\/sergio-soares-comemora-semana-livre-na-ferroviaria-apos-goleada-pelo-paulistao\/","chapeu":"FOLGA?","data":"05\/02\/2020","imagem":"https:\/\/images.futebolinterior.com.br\/2020\/11\/0002050447425_img-300x104.jpg","resumo":"Paulist\u00e3o teve uma pausa por causa dos jogos da Libertadores, Sul-americana e Copa do Brasil"},"202622":{"titulo":"Ex-jogador do Corinthians chega a um acordo e deixa o S\u00e3o Paulo","link":"https:\/\/www.futebolinterior.com.br\/ex-jogador-do-corinthians-chega-a-um-acordo-e-deixa-o-sao-paulo\/","chapeu":"LIVRE!","data":"05\/02\/2020","imagem":"https:\/\/images.futebolinterior.com.br\/2020\/11\/0002050447421_img-300x194.jpg","resumo":"S\u00e3o Paulo pagar\u00e1 a rescis\u00e3o contratual, mas economizar\u00e1 cerca de R$ 6 milh\u00f5es"},"202632":{"titulo":"Novo gramado sint\u00e9tico do est\u00e1dio do Palmeiras j\u00e1 tem data para ficar pronto","link":"https:\/\/www.futebolinterior.com.br\/novo-gramado-sintetico-do-estadio-do-palmeiras-ja-tem-data-para-ficar-pronto\/","chapeu":"T\u00c1 CHEGANDO!","data":"05\/02\/2020","imagem":"https:\/\/images.futebolinterior.com.br\/2020\/11\/0002050447411_img-300x190.jpg","resumo":"Estreia do time no local em 2020 est\u00e1 praticamente garantida para 16 de fevereiro, contra o Mirassol, pelo Campeonato Paulista"},"202653":{"titulo":"Paulist\u00e3o: Dupla de ataque \u00e9 respons\u00e1vel por mais de 60% dos gols do Guarani no ano","link":"https:\/\/www.futebolinterior.com.br\/paulistao-dupla-de-ataque-e-responsavel-por-mais-de-60-dos-gols-do-guarani-no-ano\/","chapeu":"ILUMINADOS","data":"05\/02\/2020","imagem":"https:\/\/images.futebolinterior.com.br\/2020\/11\/0002050447343_img-300x200.jpg","resumo":"Contratados em dezembro, J\u00fanior Todinho e Rafael Costa anotaram cinco dos oito tentos do Bugre em 2020"},"202657":{"titulo":"Paulist\u00e3o: Ap\u00f3s derrota da Ponte, Kleina sai em defesa de lateral vendido ao Corinthians","link":"https:\/\/www.futebolinterior.com.br\/paulistao-apos-derrota-da-ponte-kleina-sai-em-defesa-de-lateral-vendido-ao-corinthians\/","chapeu":"APAZIGUAR","data":"05\/02\/2020","imagem":"https:\/\/images.futebolinterior.com.br\/2020\/11\/0002050447324_img-300x176.jpg","resumo":"Matheus Alexandre foi um dos principais alvos da torcida ao longo do rev\u00e9s em Limeira"},"202669":{"titulo":"Paulist\u00e3o: Guarani pode ganhar at\u00e9 tr\u00eas refor\u00e7os para 'decis\u00e3o' em Barueri; veja quem","link":"https:\/\/www.futebolinterior.com.br\/paulistao-guarani-pode-ganhar-ate-tres-reforcos-para-decisao-em-barueri-veja-quem\/","chapeu":"OPA!","data":"05\/02\/2020","imagem":"https:\/\/images.futebolinterior.com.br\/2020\/11\/0002050447311_img-300x200.jpg","resumo":"Thiago Carpini tem mais dois treinamentos para confirmar o time titular antes de enfrentar o Oeste, sexta-feira"},"202661":{"titulo":"Paulist\u00e3o: Pablo rasga elogios a elenco do Guarani: \"Melhor com qual j\u00e1 trabalhei'","link":"https:\/\/www.futebolinterior.com.br\/paulistao-pablo-rasga-elogios-a-elenco-do-guarani-melhor-com-qual-ja-trabalhei\/","chapeu":"PAPO HUMILDE","data":"05\/02\/2020","imagem":"https:\/\/images.futebolinterior.com.br\/2020\/11\/0002050447317_img-300x200.jpg","resumo":"Lateral-direito foi titular nas quatro primeiras rodadas do Estadual sob comando de Thiago Carpini"},"202663":{"titulo":"Paulist\u00e3o: Yuri ganha brecha, estreia como titular na Ponte e ajuda com assist\u00eancia","link":"https:\/\/www.futebolinterior.com.br\/paulistao-yuri-ganha-brecha-estreia-como-titular-na-ponte-e-ajuda-com-assistencia\/","chapeu":"FOI BEM?","data":"05\/02\/2020","imagem":"https:\/\/images.futebolinterior.com.br\/2020\/11\/0002050447315_img-300x204.jpg","resumo":"Lateral-esquerdo foi o escolhido por Gilson Kleina na derrota em Limeira ap\u00f3s les\u00e3o de Guilherme Lazaroni"}}