{"202679":{"titulo":"Paulist\u00e3o: Em fase artilheira, Camilo ganha destaque e ajuda a embalar Mirassol","link":"https:\/\/www.futebolinterior.com.br\/paulistao-em-fase-artilheira-camilo-ganha-destaque-e-ajuda-a-embalar-mirassol\/","chapeu":"MENINO INVOCADO","data":"05\/02\/2020","imagem":"https:\/\/images.futebolinterior.com.br\/2020\/11\/0002050447265_img-300x200.jpg","resumo":"Uma das principais contrata\u00e7\u00f5es para 2020, meia tem m\u00e9dia de um gol por partida no Estadual"},"202677":{"titulo":"Paulist\u00e3o: Por primeira vit\u00f3ria, Thomazella projeta rea\u00e7\u00e3o do \u00c1gua Santa em casa","link":"https:\/\/www.futebolinterior.com.br\/paulistao-por-primeira-vitoria-thomazella-projeta-reacao-do-agua-santa-em-casa\/","chapeu":"X\u00d4, URUCUBACA!","data":"05\/02\/2020","imagem":"https:\/\/images.futebolinterior.com.br\/2020\/11\/0002050447268_img-300x156.jpg","resumo":"Netuno ainda n\u00e3o sabe o que \u00e9 vencer no Estadual e encara a Ferrovi\u00e1ria, em Diadema, no s\u00e1bado"},"202675":{"titulo":"Paulist\u00e3o: Ponte abre venda de ingressos para jogo contra o Palmeiras; veja valores","link":"https:\/\/www.futebolinterior.com.br\/paulistao-ponte-abre-venda-de-ingressos-para-jogo-contra-o-palmeiras-veja-valores\/","chapeu":"PARTIU?","data":"05\/02\/2020","imagem":"https:\/\/images.futebolinterior.com.br\/2020\/11\/0002050447279_img-300x224.jpg","resumo":"Com 50% de aproveitamento em quatro rodadas, Macaca quer aprontar em cima de um grande"},"202683":{"titulo":"Paulist\u00e3o: FPF altera hor\u00e1rio do confronto entre Guarani x Novorizontino","link":"https:\/\/www.futebolinterior.com.br\/paulistao-fpf-altera-horario-do-confronto-entre-guarani-x-novorizontino\/","chapeu":"EM CAMPINAS","data":"05\/02\/2020","imagem":"https:\/\/images.futebolinterior.com.br\/2020\/11\/0002050447263_img-300x174.jpg","resumo":"Partida v\u00e1lida pela sexta rodada do Estadual teve hor\u00e1rio modificado pela entidade organizadora"},"202659":{"titulo":"Que tal Carpini aumentar a estatura do ataque bugrino?","link":"https:\/\/www.futebolinterior.com.br\/que-tal-carpini-aumentar-a-estatura-do-ataque-bugrino\/","chapeu":"BLOG DO ARI","data":"04\/02\/2020","imagem":"https:\/\/images.futebolinterior.com.br\/2020\/11\/0002050447316_img.jpg","resumo":"Que tal Carpini aumentar a estatura do ataque bugrino?"},"202703":{"titulo":"Paulist\u00e3o: Recuperado de contus\u00e3o, Bruno Henrique volta aos treinos no Palmeiras","link":"https:\/\/www.futebolinterior.com.br\/paulistao-recuperado-de-contusao-bruno-henrique-volta-aos-treinos-no-palmeiras\/","chapeu":"DE VOLTA","data":"04\/02\/2020","imagem":"https:\/\/images.futebolinterior.com.br\/2020\/11\/0002050447248_img-300x212.jpg","resumo":"Bruno Henrique sentiu um problema no m\u00fasculo adutor da coxa direita no jogo contra o New York City, durante a Florida Cup"},"202710":{"titulo":"Paulist\u00e3o: Cartola do Botafogo aponta a principal raz\u00e3o para campanha vergonhosa","link":"https:\/\/www.futebolinterior.com.br\/paulistao-cartola-do-botafogo-aponta-a-principal-razao-para-campanha-vergonhosa\/","chapeu":"PRESS\u00c3O TOTAL","data":"04\/02\/2020","imagem":0,"resumo":"Diz que time est\u00e1 com a faca no pesco\u00e7o, admite campanha vergonhosa e refor\u00e7a premissa da S\/A decidir quem saiu ou fica"},"202741":{"titulo":"Paulist\u00e3o: Por empr\u00e9stimo, Guarani encaminha contrata\u00e7\u00e3o de zagueiro do Atl\u00e9tico-MG","link":"https:\/\/www.futebolinterior.com.br\/paulistao-por-emprestimo-guarani-encaminha-contratacao-de-zagueiro-do-atletico-mg\/","chapeu":"MUITO PERTO","data":"04\/02\/2020","imagem":"https:\/\/images.futebolinterior.com.br\/2020\/11\/0002050447216_img-300x163.jpg","resumo":"Vitor Mendes, de apenas 20 anos, deve fechar contrato com o Bugre at\u00e9 o final desta temporada"},"202737":{"titulo":"Paulist\u00e3o: Torcida do Botafogo-SP faz protestos e pede a sa\u00edda de dirigentes","link":"https:\/\/www.futebolinterior.com.br\/paulistao-torcida-do-botafogo-sp-faz-protestos-e-pede-a-saida-de-dirigentes\/","chapeu":"CLIMA TENSO","data":"04\/02\/2020","imagem":"https:\/\/images.futebolinterior.com.br\/2020\/11\/0002050447214_img-300x167.jpg","resumo":"O dirigente L\u00e9o Franco \u00e9 um dos principais alvos e foi citado nominalmente em comunicado das torcidas organizadas"},"202739":{"titulo":"Com port\u00f5es fechados, Ponte vence time da S\u00e9rie A2 em jogo-treino no Majestoso","link":"https:\/\/www.futebolinterior.com.br\/com-portoes-fechados-ponte-vence-time-da-serie-a2-em-jogo-treino-no-majestoso\/","chapeu":"AMISTOSO","data":"04\/02\/2020","imagem":"https:\/\/images.futebolinterior.com.br\/2020\/11\/0002050447213_img-300x200.jpg","resumo":"Em atividade apenas com reservas, Macaca superou o Atibaia pelo placar de 3 a 1"}}