{"202524":{"titulo":"Paulist\u00e3o: Novorizontino acerta com atacante revelado no pr\u00f3prio Tigre","link":"https:\/\/www.futebolinterior.com.br\/paulistao-novorizontino-acerta-com-atacante-revelado-no-proprio-tigre\/","chapeu":"EM CASA!","data":"05\/02\/2020","imagem":"https:\/\/images.futebolinterior.com.br\/2020\/11\/0002050447511_img-300x153.png","resumo":"Revelado em 2012 no clube de Novo Horizonte, ele estava no Seinajoki, da Finl\u00e2ndia"},"202526":{"titulo":"Paulist\u00e3o: Pressionado, Botafogo fecha com volante rebaixado no Brasileir\u00e3o","link":"https:\/\/www.futebolinterior.com.br\/paulistao-pressionado-botafogo-fecha-com-volante-rebaixado-no-brasileirao\/","chapeu":"QUE DUREZA!","data":"05\/02\/2020","imagem":"https:\/\/images.futebolinterior.com.br\/2020\/11\/0002050447509_img-300x175.jpg","resumo":"Botafogo segue sem vencer, na lanterna do Grupo B com apenas um ponto"},"202541":{"titulo":"Paulist\u00e3o: Ap\u00f3s empate na estreia pelo \u00c1gua Santa, Pintado quer equipe de guerreiros","link":"https:\/\/www.futebolinterior.com.br\/paulistao-apos-empate-na-estreia-pelo-agua-santa-pintado-quer-equipe-de-guerreiros\/","chapeu":"NOVO PERFIL","data":"05\/02\/2020","imagem":"https:\/\/images.futebolinterior.com.br\/2020\/11\/0002050447496_img-300x196.png","resumo":"Com apenas um ponto em 12 poss\u00edveis, Netuno tem uma das piores campanhas do Estadual"},"202567":{"titulo":"Palmeiras marca treino e vai estrear no gramado sint\u00e9tico semana que vem","link":"https:\/\/www.futebolinterior.com.br\/palmeiras-marca-treino-e-vai-estrear-no-gramado-sintetico-semana-que-vem\/","chapeu":"TAPETE","data":"05\/02\/2020","imagem":"https:\/\/images.futebolinterior.com.br\/2020\/11\/0002050447480_img-300x169.jpg","resumo":"Estreia em jogos ser\u00e1 contra o Novorizontino, dia 16, pelo Paulist\u00e3o"},"202573":{"titulo":"Atletas do S\u00e3o Paulo recebem camisas alusivas a feitos hist\u00f3ricos do Tricolor","link":"https:\/\/www.futebolinterior.com.br\/atletas-do-sao-paulo-recebem-camisas-alusivas-a-feitos-historicos-do-tricolor\/","chapeu":"HOMENAGEM","data":"05\/02\/2020","imagem":"https:\/\/images.futebolinterior.com.br\/2020\/11\/0002050447461_img-300x292.jpg","resumo":"As pe\u00e7as foram lan\u00e7adas em parceria com a Retr\u00f4Mania e viabilizadas atrav\u00e9s do Portal do Licenciamento da License Solutions"},"202575":{"titulo":"Volante celebra vit\u00f3ria, mas j\u00e1 pede Inter de Limeira focada no Corinthians","link":"https:\/\/www.futebolinterior.com.br\/volante-celebra-vitoria-mas-ja-pede-inter-de-limeira-focada-no-corinthians\/","chapeu":"FOCO","data":"05\/02\/2020","imagem":"https:\/\/images.futebolinterior.com.br\/2020\/11\/0002050447455_img-300x169.jpg","resumo":"Roger Bernardo e seus companheiros de Inter de Limeira duelam com o Corinthians no pr\u00f3ximo domingo, \u00e0s 16h, na casa do rival"},"202595":{"titulo":"Mirassol apresenta ex-atacante de Inter e Athletico que estava no exterior","link":"https:\/\/www.futebolinterior.com.br\/mirassol-apresenta-ex-atacante-de-inter-e-athletico-que-estava-no-exterior\/","chapeu":"NA \u00c1REA!","data":"05\/02\/2020","imagem":"https:\/\/images.futebolinterior.com.br\/2020\/11\/0002050447441_img-300x155.jpg","resumo":"Dellatore estava no Suphanburi, da Tail\u00e2ndia, por onde ficou durante tr\u00eas meses"},"202605":{"titulo":"Gringo chega ao Brasil para assinar com o Corinthians: \"Clube gigante\"","link":"https:\/\/www.futebolinterior.com.br\/gringo-chega-ao-brasil-para-assinar-com-o-corinthians-clube-gigante\/","chapeu":"S\u00d3 ASSINAR!","data":"05\/02\/2020","imagem":"https:\/\/images.futebolinterior.com.br\/2020\/11\/0002050447434_img-300x115.jpg","resumo":"Ex-jogador do Fluminense foi emprestado ao Corinthians at\u00e9 o final do ano"},"202610":{"titulo":"Paulist\u00e3o: Bidu vira esperan\u00e7a para acabar com 'maldi\u00e7\u00e3o' da lateral-esquerda no Guarani","link":"https:\/\/www.futebolinterior.com.br\/paulistao-bidu-vira-esperanca-para-acabar-com-maldicao-da-lateral-esquerda-no-guarani\/","chapeu":"SOLU\u00c7\u00c3O?","data":"05\/02\/2020","imagem":"https:\/\/images.futebolinterior.com.br\/2020\/11\/0002050447431_img.jpg","resumo":"Com bom desempenho, garoto de 20 anos tem sido titular no in\u00edcio da temporada"},"202607":{"titulo":"Elano quer que Inter de Limeira tenha \"coragem para jogar\" contra Corinthians","link":"https:\/\/www.futebolinterior.com.br\/elano-quer-que-inter-de-limeira-tenha-coragem-para-jogar-contra-corinthians\/","chapeu":"LE\u00c3O FORTE!","data":"05\/02\/2020","imagem":"https:\/\/images.futebolinterior.com.br\/2020\/11\/0002050447429_img-300x114.jpg","resumo":"Inter de Limeira ocupa a vice-lideran\u00e7a do Grupo C com seis pontos, dois a menos do que o l\u00edder S\u00e3o Paulo"}}