{"202382":{"titulo":"Paulist\u00e3o: Diretor do Corinthians explica que atacante colombiano ser\u00e1 comprado","link":"https:\/\/www.futebolinterior.com.br\/paulistao-diretor-do-corinthians-explica-que-atacante-colombiano-sera-comprado\/","chapeu":"NOVIDADE!","data":"06\/02\/2020","imagem":"https:\/\/images.futebolinterior.com.br\/2020\/11\/0002050447679_img-300x139.jpg","resumo":"\"O Benfica acabou recebendo propostas de compra, ent\u00e3o a gente teve que mudar o formato do neg\u00f3cio\", disse Du\u00edlio Monteiro Alves"},"202451":{"titulo":"PLACAR FI: Com 15 jogos da Copa do Brasil, confira TODOS resultados desta QUARTA","link":"https:\/\/www.futebolinterior.com.br\/placar-fi-com-15-jogos-da-copa-do-brasil-confira-todos-resultados-desta-quarta\/","chapeu":"S\u00d3 AQUI!","data":"06\/02\/2020","imagem":"https:\/\/images.futebolinterior.com.br\/2020\/11\/0002050447664_img-300x200.jpg","resumo":"XV de Piracicaba e Santo Andr\u00e9 surpreenderam ao carimbarem vaga na segunda fase do torneio nacional"},"202480":{"titulo":"Paulist\u00e3o: Mesmo com mini meta, Pablo cont\u00e9m euforia no Guarani: 'P\u00e9s no ch\u00e3o'","link":"https:\/\/www.futebolinterior.com.br\/paulistao-mesmo-com-mini-meta-pablo-contem-euforia-no-guarani-pes-no-chao\/","chapeu":"CALMA A\u00cd","data":"06\/02\/2020","imagem":"https:\/\/images.futebolinterior.com.br\/2020\/11\/0002050447556_img-300x200.jpg","resumo":"Embalado por vit\u00f3ria em casa, Bugre divide lideran\u00e7a do Grupo D com o Corinthians"},"202476":{"titulo":"Paulist\u00e3o: Lateral vai a campo e pode ficar \u00e0 disposi\u00e7\u00e3o de Kleina na Ponte Preta","link":"https:\/\/www.futebolinterior.com.br\/paulistao-lateral-vai-a-campo-e-pode-ficar-a-disposicao-de-kleina-na-ponte-preta\/","chapeu":"APTO?","data":"06\/02\/2020","imagem":"https:\/\/images.futebolinterior.com.br\/2020\/11\/0002050447558_img-300x200.jpg","resumo":"Lazaroni, com boa evolu\u00e7\u00e3o de les\u00e3o muscular, tem participa\u00e7\u00e3o incerta frente o Palmeiras"},"202486":{"titulo":"Paulist\u00e3o: Igor Henrique celebra fim das les\u00f5es no Guarani: \u2018Quero jogar mais\u2019","link":"https:\/\/www.futebolinterior.com.br\/paulistao-igor-henrique-celebra-fim-das-lesoes-no-guarani-quero-jogar-mais\/","chapeu":"VIDA NOVA","data":"06\/02\/2020","imagem":"https:\/\/images.futebolinterior.com.br\/2020\/11\/0002050447554_img-300x200.jpg","resumo":"Com cole\u00e7\u00e3o de les\u00f5es musculares em 2020, volante desfalcou Bugre nos dois d\u00e9rbis da S\u00e9rie B"},"202488":{"titulo":"Paulist\u00e3o: Jo\u00e3o Paulo vira chave ap\u00f3s derrota da Ponte Preta e foca no Palmeiras","link":"https:\/\/www.futebolinterior.com.br\/paulistao-joao-paulo-vira-chave-apos-derrota-da-ponte-preta-e-foca-no-palmeiras\/","chapeu":"DEIXA PRA L\u00c1","data":"06\/02\/2020","imagem":"https:\/\/images.futebolinterior.com.br\/2020\/11\/0002050447552_img-300x200.jpg","resumo":"Por reabilita\u00e7\u00e3o, Macaca mede for\u00e7as com o Verd\u00e3o no s\u00e1bado, em duelo de torcida \u00fanica no Majestoso"},"202464":{"titulo":"Paulist\u00e3o: Renyer aposta em conversas com Jesualdo por espa\u00e7o e adapta\u00e7\u00e3o ao Santos","link":"https:\/\/www.futebolinterior.com.br\/paulistao-renyer-aposta-em-conversas-com-jesualdo-por-espaco-e-adaptacao-ao-santos\/","chapeu":"FOCADO","data":"05\/02\/2020","imagem":"https:\/\/images.futebolinterior.com.br\/2020\/11\/0002050447607_img-300x200.jpg","resumo":"Isso se deu no triunfo por 2 a 0 sobre a Inter de Limeira, na \u00faltima quinta-feira, quando foi acionado no fim da partida"},"202492":{"titulo":"Ex-Cruzeiro treina no RB Bragantino e anuncio ser\u00e1 nos pr\u00f3ximos dias","link":"https:\/\/www.futebolinterior.com.br\/ex-cruzeiro-treina-no-rb-bragantino-e-anuncio-sera-nos-proximos-dias\/","chapeu":"FALTA ASSINAR!","data":"05\/02\/2020","imagem":"https:\/\/images.futebolinterior.com.br\/2020\/11\/0002050447550_img-300x200.jpg","resumo":"Al\u00e9m de Fabr\u00edcio Bruno, o lateral Weverton tamb\u00e9m ser\u00e1 oficializado em breve"},"202512":{"titulo":"Festival gospel ser\u00e1 o primeiro evento no gramado sint\u00e9tico do Allianz Parque","link":"https:\/\/www.futebolinterior.com.br\/festival-gospel-sera-o-primeiro-evento-no-gramado-sintetico-do-allianz-parque\/","chapeu":"QUE COISA, N\u00c3O?","data":"05\/02\/2020","imagem":"https:\/\/images.futebolinterior.com.br\/2020\/11\/0002050447536_img-300x136.jpg","resumo":"Segundo o site oficial do The Send, n\u00e3o h\u00e1 mais ingressos dispon\u00edveis e toda arena ser\u00e1 utilizada pelo p\u00fablico presente"},"202533":{"titulo":"Palmeiras admite que hackers vazaram dados pessoais de s\u00f3cios-torcedores","link":"https:\/\/www.futebolinterior.com.br\/palmeiras-admite-que-hackers-vazaram-dados-pessoais-de-socios-torcedores\/","chapeu":"VIXE","data":"05\/02\/2020","imagem":"https:\/\/images.futebolinterior.com.br\/2020\/11\/0002050447526_img-300x188.png","resumo":"Em nota oficial, clube informou que houve uma falha no sistema de venda de ingresso"}}