{"202302":{"titulo":"Paulist\u00e3o: Elenco do \u00c1gua Santa mostra confian\u00e7a na conquista da primeira vit\u00f3ria","link":"https:\/\/www.futebolinterior.com.br\/paulistao-elenco-do-agua-santa-mostra-confianca-na-conquista-da-primeira-vitoria\/","chapeu":"AGORA VAI?","data":"06\/02\/2020","imagem":"https:\/\/images.futebolinterior.com.br\/2020\/11\/0002050447758_img-300x200.jpg","resumo":"Os jogadores, por\u00e9m, esperam uma partida complicada diante de um advers\u00e1rio que vem embalado"},"202324":{"titulo":"Em lit\u00edgio com o Santos, Cueva j\u00e1 treina com o Pachuca, no M\u00e9xico","link":"https:\/\/www.futebolinterior.com.br\/em-litigio-com-o-santos-cueva-ja-treina-com-o-pachuca-no-mexico\/","chapeu":"SAIU BRIGADO","data":"06\/02\/2020","imagem":"https:\/\/images.futebolinterior.com.br\/2020\/11\/0002050447755_img-300x167.jpg","resumo":"O clube mexicano, no entanto, ainda n\u00e3o se pronunciou sobre a contrata\u00e7\u00e3o do meia"},"202313":{"titulo":"Guarani \u00e9 multado por encaminhar informa\u00e7\u00f5es incorretas sobre transfer\u00eancias","link":"https:\/\/www.futebolinterior.com.br\/guarani-e-multado-por-encaminhar-informacoes-incorretas-sobre-transferencias\/","chapeu":"QUE FEIO","data":"06\/02\/2020","imagem":"https:\/\/images.futebolinterior.com.br\/2020\/11\/0002050447750_img-300x200.jpg","resumo":"Decis\u00e3o foi proferida pela 3\u00aa Vara C\u00edvel de Campinas em 29 de janeiro de 2020"},"202317":{"titulo":"Volante quer grande jogo do Guarani diante do Oeste no Paulist\u00e3o","link":"https:\/\/www.futebolinterior.com.br\/volante-quer-grande-jogo-do-guarani-diante-do-oeste-no-paulistao\/","chapeu":"FOCO!","data":"06\/02\/2020","imagem":"https:\/\/images.futebolinterior.com.br\/2020\/11\/0002050447736_img-300x200.jpg","resumo":"Lucas Abreu prega aten\u00e7\u00e3o para superar o advers\u00e1rio fora de casa"},"202326":{"titulo":"Com goleada na Copa do Brasil, Paulo Roberto confirma bom momento no Santo Andr\u00e9","link":"https:\/\/www.futebolinterior.com.br\/com-goleada-na-copa-do-brasil-paulo-roberto-confirma-bom-momento-no-santo-andre\/","chapeu":"\u00c1PICE?","data":"06\/02\/2020","imagem":"https:\/\/images.futebolinterior.com.br\/2020\/11\/0002050447735_img-300x225.jpg","resumo":"Em alta no Paulista, Ramalh\u00e3o atropelou o Crici\u00fama e segue vivo no torneio nacional"},"202338":{"titulo":"Paulist\u00e3o: Com trio de volta, Guarani fecha prepara\u00e7\u00e3o para visitar o Oeste","link":"https:\/\/www.futebolinterior.com.br\/paulistao-com-trio-de-volta-guarani-fecha-preparacao-para-visitar-o-oeste\/","chapeu":"TUDO PRONTO","data":"06\/02\/2020","imagem":"https:\/\/images.futebolinterior.com.br\/2020\/11\/0002050447725_img-300x200.jpg","resumo":"Com praticamente for\u00e7a m\u00e1xima, Thiago Carpini conta com retorno de Thallyson, Marcelo e Lucas Crispim"},"202372":{"titulo":"Paulist\u00e3o: Atacante pode completar seis meses sem marcar pelo S\u00e3o Paulo","link":"https:\/\/www.futebolinterior.com.br\/paulistao-atacante-pode-completar-seis-meses-sem-marcar-pelo-sao-paulo\/","chapeu":"NA SECA","data":"06\/02\/2020","imagem":"https:\/\/images.futebolinterior.com.br\/2020\/11\/0002050447703_img-300x193.jpg","resumo":"\u00daltimo gol do atacante foi no cl\u00e1ssico com o Santos, em dose dupla, em 10 de agosto de 2019"},"202374":{"titulo":"Paulist\u00e3o: Intoc\u00e1vel com Carpini, Rom\u00e9rcio valoriza sequ\u00eancia como titular no Guarani","link":"https:\/\/www.futebolinterior.com.br\/paulistao-intocavel-com-carpini-romercio-valoriza-sequencia-como-titular-no-guarani\/","chapeu":"SEGURAN\u00c7A","data":"06\/02\/2020","imagem":"https:\/\/images.futebolinterior.com.br\/2020\/11\/0002050447694_img-300x200.jpg","resumo":"Zagueiro tem atuado ao lado de Bruno Silva no in\u00edcio do torneio regional"},"202392":{"titulo":"Times do Paulist\u00e3o dizem deixar escolha da numera\u00e7\u00e3o a crit\u00e9rio dos jogadores","link":"https:\/\/www.futebolinterior.com.br\/times-do-paulistao-dizem-deixar-escolha-da-numeracao-a-criterio-dos-jogadores\/","chapeu":"SABIA DESSA?","data":"06\/02\/2020","imagem":"https:\/\/images.futebolinterior.com.br\/2020\/11\/0002050447688_img-300x117.jpg","resumo":"Na vis\u00e3o dos clubes, portanto, s\u00e3o os atletas que evitam o 24, n\u00famero associado \u00e0 homossexualidade"},"202384":{"titulo":"\u00c1rbitro de S\u00e3o Paulo x Novorizontino \u00e9 escalado para jogo da Copa do Brasil","link":"https:\/\/www.futebolinterior.com.br\/arbitro-de-sao-paulo-x-novorizontino-e-escalado-para-jogo-da-copa-do-brasil\/","chapeu":"QUE COISA, N\u00c3O?","data":"06\/02\/2020","imagem":"https:\/\/images.futebolinterior.com.br\/2020\/11\/0002050447682_img-300x140.jpg","resumo":"Fl\u00e1vio Roberto Mineiro Ribeiro foi afastado de suas fun\u00e7\u00f5es pela Federa\u00e7\u00e3o Paulista de Futebol (FPF)"}}