{"202255":{"titulo":"Paulist\u00e3o: Bruno Alves volta aos treinos no S\u00e3o Paulo e vai enfrentar o Santo Andr\u00e9","link":"https:\/\/www.futebolinterior.com.br\/paulistao-bruno-alves-volta-aos-treinos-no-sao-paulo-e-vai-enfrentar-o-santo-andre\/","chapeu":"REFOR\u00c7O","data":"06\/02\/2020","imagem":"https:\/\/images.futebolinterior.com.br\/2020\/11\/0002050447832_img-300x282.jpg","resumo":"Bruno Alves saiu carregado do Morumbi na \u00faltima segunda-feira e preocupava bastante antes do exame descartar a les\u00e3o"},"202266":{"titulo":"Raniel revela despedida de Cueva antes de ida ao M\u00e9xico: 'Quer jogar'","link":"https:\/\/www.futebolinterior.com.br\/raniel-revela-despedida-de-cueva-antes-de-ida-ao-mexico-quer-jogar\/","chapeu":"DISSE TCHAU","data":"06\/02\/2020","imagem":"https:\/\/images.futebolinterior.com.br\/2020\/11\/0002050447833_img-300x205.jpg","resumo":"Perguntas sobre o meia peruano apareceram na coletiva do acante santista"},"202259":{"titulo":"Paulist\u00e3o: Red Bull Bragantino oficializa lateral do Cruzeiro como refor\u00e7o","link":"https:\/\/www.futebolinterior.com.br\/paulistao-red-bull-bragantino-oficializa-lateral-do-cruzeiro-como-reforco\/","chapeu":"CHEGOU","data":"06\/02\/2020","imagem":"https:\/\/images.futebolinterior.com.br\/2020\/11\/0002050447817_img-300x197.jpg","resumo":"Weverton tem 20 anos e assinou contrato com o clube paulista at\u00e9 dezembro de 2024"},"202272":{"titulo":"Paulist\u00e3o: Treinador do Mirassol deve apostar na manuten\u00e7\u00e3o do time ap\u00f3s goleada","link":"https:\/\/www.futebolinterior.com.br\/paulistao-treinador-do-mirassol-deve-apostar-na-manutencao-do-time-apos-goleada\/","chapeu":"T\u00c1 CERTO","data":"06\/02\/2020","imagem":"https:\/\/images.futebolinterior.com.br\/2020\/11\/0002050447786_img-300x200.jpg","resumo":"O t\u00e9cnico Ricardo Catal\u00e1 tem a volta do zagueiro Tiago Alves, mas mesmo assim deve manter Reni\u00ea entre os titulares"},"202276":{"titulo":"Paulist\u00e3o: Red Bull Bragantino perde zagueiro para buscar 2\u00aa vit\u00f3ria seguida","link":"https:\/\/www.futebolinterior.com.br\/paulistao-red-bull-bragantino-perde-zagueiro-para-buscar-2a-vitoria-seguida\/","chapeu":"BAIXA","data":"06\/02\/2020","imagem":"https:\/\/images.futebolinterior.com.br\/2020\/11\/0002050447782_img-300x200.jpg","resumo":"Ligger foi vetado pelo departamento m\u00e9dico e deve ser substitu\u00eddo pelo equatoriano L\u00e9o Realpe"},"202288":{"titulo":"Palmeiras observa volante titular do Santos para refor\u00e7ar o elenco","link":"https:\/\/www.futebolinterior.com.br\/palmeiras-observa-volante-titular-do-santos-para-reforcar-o-elenco\/","chapeu":"VIRA-CASACA?","data":"06\/02\/2020","imagem":"https:\/\/images.futebolinterior.com.br\/2020\/11\/0002050447771_img-300x226.jpg","resumo":"Al\u00e9m de Carlos S\u00e1nchez, L\u00e9o Sena e Gregore tamb\u00e9m est\u00e3o sendo analisados"},"202290":{"titulo":"Clube do Paulist\u00e3o deixa de falar com a imprensa ap\u00f3s duas goleadas seguidas","link":"https:\/\/www.futebolinterior.com.br\/clube-do-paulistao-deixa-de-falar-com-a-imprensa-apos-duas-goleadas-seguidas\/","chapeu":"SIL\u00caNCIO!","data":"06\/02\/2020","imagem":"https:\/\/images.futebolinterior.com.br\/2020\/11\/0002050447770_img-300x170.jpg","resumo":"Ideia da diretoria do Oeste \u00e9 deixar o elenco completamente focado nos treinamentos e na recupera\u00e7\u00e3o"},"202292":{"titulo":"PAULIST\u00c3O: Sensa\u00e7\u00f5es, Mirassol e RB Bragantino entram em campo na abertura da rodada","link":"https:\/\/www.futebolinterior.com.br\/paulistao-sensacoes-mirassol-e-rb-bragantino-entram-em-campo-na-abertura-da-rodada\/","chapeu":"BONS JOGOS","data":"06\/02\/2020","imagem":"https:\/\/images.futebolinterior.com.br\/2020\/11\/0002050447767_img-300x200.jpg","resumo":"O Oeste recebe o Guarani na Arena Barueri, e o Bragantino vai ao Mai\u00e3o encarar o Mirassol"},"202294":{"titulo":"Paulist\u00e3o: Botafogo fecha com atacante que teve passagem apagada pela Ponte","link":"https:\/\/www.futebolinterior.com.br\/paulistao-botafogo-fecha-com-atacante-que-teve-passagem-apagada-pela-ponte\/","chapeu":"MAIS UM","data":"06\/02\/2020","imagem":"https:\/\/images.futebolinterior.com.br\/2020\/11\/0002050447761_img-300x226.jpg","resumo":"Wellington Tanque atuou no futebol japon\u00eas nas \u00faltimas cinco temporadas e chega para melhorar o desempenho ofensivo do Pantera"},"202296":{"titulo":"S\u00e9rgio Soares confirma que Ferrovi\u00e1ria seguir\u00e1 no ataque, mas com cuidado na defesa","link":"https:\/\/www.futebolinterior.com.br\/sergio-soares-confirma-que-ferroviaria-seguira-no-ataque-mas-com-cuidado-na-defesa\/","chapeu":"PRA FRENTE!","data":"06\/02\/2020","imagem":"https:\/\/images.futebolinterior.com.br\/2020\/11\/0002050447760_img-300x105.jpg","resumo":"Ferrinha tem um dos melhores ataques do Paulist\u00e3o com oito gols, mas j\u00e1 levou seis tentos"}}