{"201000":{"titulo":"Eita! Carr\u00e3o de astro da Sele\u00e7\u00e3o e do S\u00e3o Paulo \u00e9 furtado dentro de estacionamento","link":"https:\/\/www.futebolinterior.com.br\/eita-carrao-de-astro-da-selecao-e-do-sao-paulo-e-furtado-dentro-de-estacionamento\/","chapeu":"QUE ISSO BR!","data":"12\/02\/2020","imagem":"https:\/\/images.futebolinterior.com.br\/2020\/11\/0002050449226_img-300x201.jpg","resumo":"Ap\u00f3s o carro ter sido levado, Daniel Alves registrou boletim de ocorr\u00eancia no 14\u00ba Distrito Policial, em Pinheiros"},"201082":{"titulo":"Paulist\u00e3o: Guarani conta com volta de Giovanny, mas atacante vira d\u00favida para s\u00e1bado","link":"https:\/\/www.futebolinterior.com.br\/paulistao-guarani-conta-com-volta-de-giovanny-mas-atacante-vira-duvida-para-sabado\/","chapeu":"RESUM\u00c3O","data":"12\/02\/2020","imagem":"https:\/\/images.futebolinterior.com.br\/2020\/11\/0002050449123_img-300x200.jpg","resumo":"Thiago Carpini tem mais tr\u00eas treinamentos para definir o time titular antes de enfrentar o Novorizontino, no Brinco"},"201004":{"titulo":"Paulist\u00e3o: Ap\u00f3s chance para Vladimir, Santos pode rever briga por titularidade no gol","link":"https:\/\/www.futebolinterior.com.br\/paulistao-apos-chance-para-vladimir-santos-pode-rever-briga-por-titularidade-no-gol\/","chapeu":"ACIRRADO","data":"12\/02\/2020","imagem":"https:\/\/images.futebolinterior.com.br\/2020\/11\/0002050449222_img-300x200.jpg","resumo":"Sa\u00edda de Everson, dono da posi\u00e7\u00e3o na maior parte do tempo com Sampaoli, se deu por op\u00e7\u00e3o de Jesualdo"},"201061":{"titulo":"Paulist\u00e3o: Fora h\u00e1 12 dias, lateral-direito da Ponte Preta inicia transi\u00e7\u00e3o","link":"https:\/\/www.futebolinterior.com.br\/paulistao-fora-ha-12-dias-lateral-direito-da-ponte-preta-inicia-transicao\/","chapeu":"RETORNANDO","data":"12\/02\/2020","imagem":"https:\/\/images.futebolinterior.com.br\/2020\/11\/0002050449156_img-300x181.jpg","resumo":"Jeferson corre contra o tempo para ficar \u00e0 disposi\u00e7\u00e3o de Gilson Kleina a partir da pr\u00f3xima semana"},"201057":{"titulo":"Paulist\u00e3o: Apesar da lideran\u00e7a, Crispim mant\u00e9m discurso no Guarani: 'Briga \u00e9 outra'","link":"https:\/\/www.futebolinterior.com.br\/paulistao-apesar-da-lideranca-crispim-mantem-discurso-no-guarani-briga-e-outra\/","chapeu":"P\u00c9S NO CH\u00c3O","data":"12\/02\/2020","imagem":"https:\/\/images.futebolinterior.com.br\/2020\/11\/0002050449159_img-300x200.jpg","resumo":"Segundo meio-campista, objetivo do Bugre ainda segue o mesmo: escapar da zona de rebaixamento"},"201008":{"titulo":"Paulist\u00e3o: Campo sint\u00e9tico vira realidade para o Palmeiras a partir desta quarta","link":"https:\/\/www.futebolinterior.com.br\/paulistao-campo-sintetico-vira-realidade-para-o-palmeiras-a-partir-desta-quarta\/","chapeu":"CONFIRMADO!","data":"12\/02\/2020","imagem":"https:\/\/images.futebolinterior.com.br\/2020\/11\/0002050449214_img-300x135.jpg","resumo":"A presen\u00e7a do time ao gramado artificial marca um teste important\u00edssimo para se ter a resposta do jogadores sobre o resultado"},"201043":{"titulo":"Evitem copiar o saudoso rep\u00f3rter Bolinha, que sempre enxergava dois p\u00eanaltis por jogo","link":"https:\/\/www.futebolinterior.com.br\/evitem-copiar-o-saudoso-reporter-bolinha-que-sempre-enxergava-dois-penaltis-por-jogo\/","chapeu":"BLOG DO ARI","data":"11\/02\/2020","imagem":"https:\/\/images.futebolinterior.com.br\/2020\/11\/0002050449174_img.jpg","resumo":"Evitem copiar o saudoso rep\u00f3rter Bolinha, que sempre enxergava dois p\u00eanaltis por jogo"},"201063":{"titulo":"Santos estende contrato de venezuelano e frustra Atl\u00e9tico-MG","link":"https:\/\/www.futebolinterior.com.br\/santos-estende-contrato-de-venezuelano-e-frustra-atletico-mg\/","chapeu":"A\u00cd SIM","data":"11\/02\/2020","imagem":"https:\/\/images.futebolinterior.com.br\/2020\/11\/0002050449157_img-300x202.jpg","resumo":"Soteldo estendeu seu v\u00ednculo com o clube paulista at\u00e9 dezembro de 2023"},"201067":{"titulo":"S\u00e3o Paulo passa de clube-modelo para clube com press\u00e3o sem fim","link":"https:\/\/www.futebolinterior.com.br\/sao-paulo-passa-de-clube-modelo-para-clube-com-pressao-sem-fim\/","chapeu":"CRISE","data":"11\/02\/2020","imagem":"https:\/\/images.futebolinterior.com.br\/2020\/11\/0002050449136_img-300x193.jpg","resumo":"At\u00e9 o in\u00edcio dos anos 2000 o S\u00e3o Paulo era refer\u00eancia em todos os aspectos: organiza\u00e7\u00e3o, infraestrutura, padr\u00e3o a ser seguido no Brasil. "},"201096":{"titulo":"Paulist\u00e3o: Lateral sofre pancada no tornozelo e deixa treino do S\u00e3o Paulo chorando","link":"https:\/\/www.futebolinterior.com.br\/paulistao-lateral-sofre-pancada-no-tornozelo-e-deixa-treino-do-sao-paulo-chorando\/","chapeu":"PREOCUPA\u00c7\u00c3O","data":"11\/02\/2020","imagem":"https:\/\/images.futebolinterior.com.br\/2020\/11\/0002050449106_img-300x200.jpg","resumo":"L\u00e9o sofreu uma pancada no tornozelo esquerdo em uma dividida com Liziero, no CT da Barra Funda"}}