{"201104":{"titulo":"Secret\u00e1rio de Esportes de Valinhos assume como Auditor do Tribunal Antidopagem","link":"https:\/\/www.futebolinterior.com.br\/secretario-de-esportes-de-valinhos-assume-como-auditor-do-tribunal-antidopagem\/","chapeu":"CHEGOU L\u00c1 !","data":"11\/02\/2020","imagem":0,"resumo":"Ex-atletta, dirigente e sempre ligado aos esportes, Paulo Sabione vai ocupar cargo de relev\u00e2ncia no Tribunal Antidopagem"},"201187":{"titulo":"Corinthians anuncia oficialmente atacante gringo como refor\u00e7o","link":"https:\/\/www.futebolinterior.com.br\/corinthians-anuncia-oficialmente-atacante-gringo-como-reforco\/","chapeu":"SIRENE!","data":"11\/02\/2020","imagem":"https:\/\/images.futebolinterior.com.br\/2020\/11\/0002050449018_img-300x149.jpg","resumo":"Jogador de 25 anos, que se destacou pelo Fluminense no ano passado, chega por empr\u00e9stimo do Benfica, de Portugal"},"201189":{"titulo":"Hoje no Napoli, ex-atacante da Ponte e do Galo se aproxima do RB Bragantino","link":"https:\/\/www.futebolinterior.com.br\/hoje-no-napoli-ex-atacante-da-ponte-e-do-galo-se-aproxima-do-rb-bragantino\/","chapeu":"REFOR\u00c7O?","data":"11\/02\/2020","imagem":"https:\/\/images.futebolinterior.com.br\/2020\/11\/0002050449016_img-300x128.jpg","resumo":"Aos 21 anos, jogador j\u00e1 est\u00e1 em Bragan\u00e7a Paulista e dever\u00e1 assinar contrato ainda nesta semana"},"201195":{"titulo":"Elenco do \u00c1gua Santa mostra confian\u00e7a antes de jogo-chave contra a degola pelo Paulist\u00e3o","link":"https:\/\/www.futebolinterior.com.br\/elenco-do-agua-santa-mostra-confianca-antes-de-jogo-chave-contra-a-degola-pelo-paulistao\/","chapeu":"SEIS PONTOS!","data":"11\/02\/2020","imagem":"https:\/\/images.futebolinterior.com.br\/2020\/11\/0002050449009_img-300x131.jpg","resumo":"Netuno pegar\u00e1 o Botafogo na pr\u00f3xima sexta-feira, \u00e0s 21h30, no Est\u00e1dio Santa Cruz, em Ribeir\u00e3o Preto"},"201201":{"titulo":"Advers\u00e1rio do Guarani quer \"grande apresenta\u00e7\u00e3o\" para buscar \"triunfo como visitante\"","link":"https:\/\/www.futebolinterior.com.br\/adversario-do-guarani-quer-grande-apresentacao-para-buscar-triunfo-como-visitante\/","chapeu":"OUSADO!","data":"11\/02\/2020","imagem":"https:\/\/images.futebolinterior.com.br\/2020\/11\/0002050449005_img-300x130.jpg","resumo":"Novorizontino pegar\u00e1 o Guarani em pleno Est\u00e1dio Brinco de Ouro da Princesa, em Campinas, neste s\u00e1bado, \u00e0s 16h30, pela sexta rodada"},"201218":{"titulo":"Pior p\u00fablico do Santos em casa desde mar\u00e7o de 2017 rende preju\u00edzo de R$ 27 mil","link":"https:\/\/www.futebolinterior.com.br\/pior-publico-do-santos-em-casa-desde-marco-de-2017-rende-prejuizo-de-r-27-mil\/","chapeu":"QUE FASE","data":"11\/02\/2020","imagem":"https:\/\/images.futebolinterior.com.br\/2020\/11\/0002050448999_img-300x238.jpg","resumo":"Apenas 3.519 pessoas pagaram para acompanhar o triunfo, definido com os gols marcados pelo uruguaio Carlos S\u00e1nchez e por Eduardo Sasha"},"201226":{"titulo":"Guerra e Jean treinam separados do elenco e aguardam defini\u00e7\u00e3o no Palmeiras","link":"https:\/\/www.futebolinterior.com.br\/guerra-e-jean-treinam-separados-do-elenco-e-aguardam-definicao-no-palmeiras\/","chapeu":"DE CANTO","data":"11\/02\/2020","imagem":"https:\/\/images.futebolinterior.com.br\/2020\/11\/0002050448991_img-221x300.jpg","resumo":"Os dois n\u00e3o devem ser utilizados pelo t\u00e9cnico Vanderlei Luxemburgo nesta temporada mas tem contrato at\u00e9 o fim do ano"},"201236":{"titulo":"Vi\u00f1a \u00e9 apresentado no Palmeiras e 'sela paz' de uruguaios com Felipe Melo","link":"https:\/\/www.futebolinterior.com.br\/vina-e-apresentado-no-palmeiras-e-sela-paz-de-uruguaios-com-felipe-melo\/","chapeu":"NA PAZ","data":"11\/02\/2020","imagem":"https:\/\/images.futebolinterior.com.br\/2020\/11\/0002050448992_img-300x158.jpg","resumo":"O lateral tem 22 anos e na \u00faltima temporada foi escolhido o melhor jogador do Campeonato Uruguaio"},"201266":{"titulo":"Paulist\u00e3o: Jobson, em alta, herda a 8 no Santos e time fica 'sem' dono para camisa 9","link":"https:\/\/www.futebolinterior.com.br\/paulistao-jobson-em-alta-herda-a-8-no-santos-e-time-fica-sem-dono-para-camisa-9\/","chapeu":"MUDAN\u00c7AS","data":"11\/02\/2020","imagem":"https:\/\/images.futebolinterior.com.br\/2020\/11\/0002050448953_img-300x200.jpg","resumo":"J\u00e1 com o Estadual em andamento, Peixe anunciou altera\u00e7\u00f5es na numera\u00e7\u00e3o dos jogadores"},"201270":{"titulo":"Paulist\u00e3o: De olho em 'defesa s\u00f3lida', Botafogo contrata zagueiro revelado no Bahia","link":"https:\/\/www.futebolinterior.com.br\/paulistao-de-olho-em-defesa-solida-botafogo-contrata-zagueiro-revelado-no-bahia\/","chapeu":"OLHA ELE","data":"11\/02\/2020","imagem":"https:\/\/images.futebolinterior.com.br\/2020\/11\/0002050448945_img-300x201.png","resumo":"Robson chega com a miss\u00e3o de corrigir as falhas do setor defensivo, que em cinco jogos no estadual j\u00e1 levou 15 gols"}}