{"200877":{"titulo":"Paulist\u00e3o: Ex-Ponte \u00e9 regularizado e pode estrear pelo Botafogo","link":"https:\/\/www.futebolinterior.com.br\/paulistao-ex-ponte-e-regularizado-e-pode-estrear-pelo-botafogo\/","chapeu":"BOA NOT\u00cdCIA","data":"12\/02\/2020","imagem":"https:\/\/images.futebolinterior.com.br\/2020\/11\/0002050449354_img-300x159.jpg","resumo":"Wellington Tanque pode ser utilizado pelo t\u00e9cnico Wagner Lopes contra o \u00c1gua Santa"},"200883":{"titulo":"Curiosidade e tempo de bola marcam primeiro treino do Palmeiras no piso sint\u00e9tico","link":"https:\/\/www.futebolinterior.com.br\/curiosidade-e-tempo-de-bola-marcam-primeiro-treino-do-palmeiras-no-piso-sintetico\/","chapeu":"NOVIDADE","data":"12\/02\/2020","imagem":"https:\/\/images.futebolinterior.com.br\/2020\/11\/0002050449351_img-300x225.jpg","resumo":"O Verd\u00e3o estreia o novo piso de seu est\u00e1dio no pr\u00f3ximo domingo, em partida contra o Mirassol"},"200903":{"titulo":"Vladimir celebra retorno ao Santos e diz que Jesualdo indicou rod\u00edzio no gol","link":"https:\/\/www.futebolinterior.com.br\/vladimir-celebra-retorno-ao-santos-e-diz-que-jesualdo-indicou-rodizio-no-gol\/","chapeu":"T\u00c1 DE VOLTA","data":"12\/02\/2020","imagem":"https:\/\/images.futebolinterior.com.br\/2020\/11\/0002050449332_img-300x200.jpg","resumo":"O goleiro retornou ao Peixe ap\u00f3s empr\u00e9stimo para o Ava\u00ed e voltou a entrar em campo na \u00faltima segunda-feira, contra o Botafogo-SP"},"200933":{"titulo":"Lateral-direito rescinde com o Guarani e \u00e9 confirmado como refor\u00e7o do ABC","link":"https:\/\/www.futebolinterior.com.br\/lateral-direito-rescinde-com-o-guarani-e-e-confirmado-como-reforco-do-abc\/","chapeu":"CASA NOVA","data":"12\/02\/2020","imagem":"https:\/\/images.futebolinterior.com.br\/2020\/11\/0002050449291_img-300x200.jpg","resumo":"Sem espa\u00e7o com o t\u00e9cnico Thiago Carpini, Bruno Souza fechou com clube de Natal at\u00e9 o fim do ano"},"200940":{"titulo":"Gramado sint\u00e9tico reaproxima Palmeiras e WTorre, que prometem museu em breve","link":"https:\/\/www.futebolinterior.com.br\/gramado-sintetico-reaproxima-palmeiras-e-wtorre-que-prometem-museu-em-breve\/","chapeu":"DE BEM","data":"12\/02\/2020","imagem":"https:\/\/images.futebolinterior.com.br\/2020\/11\/0002050449287_img-300x225.jpg","resumo":"O ato sela um dos momentos de maior afinidade entre o Palmeiras e a construtora WTorre, respons\u00e1vel pela arena"},"200944":{"titulo":"Ferrovi\u00e1ria \"esquece\" do Paulist\u00e3o e busca vaga na Copa do Brasil","link":"https:\/\/www.futebolinterior.com.br\/ferroviaria-esquece-do-paulistao-e-busca-vaga-na-copa-do-brasil\/","chapeu":"TROCA A CHAVE","data":"12\/02\/2020","imagem":"https:\/\/images.futebolinterior.com.br\/2020\/11\/0002050449270_img-300x219.jpg","resumo":"A classifica\u00e7\u00e3o diante do Ava\u00ed ajudaria a diminuir a press\u00e3o em cima do t\u00e9cnico S\u00e9rgio Soares"},"200962":{"titulo":"Paulist\u00e3o: Ituano dispensa ex-atacante da Ponte Preta, contratado h\u00e1 um m\u00eas","link":"https:\/\/www.futebolinterior.com.br\/paulistao-ituano-dispensa-ex-atacante-da-ponte-preta-contratado-ha-um-mes\/","chapeu":"MAS J\u00c1?","data":"12\/02\/2020","imagem":"https:\/\/images.futebolinterior.com.br\/2020\/11\/0002050449263_img-300x186.jpg","resumo":"O atleta ficou abaixo das expectativas do t\u00e9cnico Vinicius Bergantin\u200b e j\u00e1 n\u00e3o atua h\u00e1 tr\u00eas rodadas."},"200958":{"titulo":"Paulist\u00e3o: Atacante do \u00c1gua Santa espera jogo dif\u00edcil contra o lanterna","link":"https:\/\/www.futebolinterior.com.br\/paulistao-atacante-do-agua-santa-espera-jogo-dificil-contra-o-lanterna\/","chapeu":"SER\u00c1?","data":"12\/02\/2020","imagem":"https:\/\/images.futebolinterior.com.br\/2020\/11\/0002050449262_img-300x201.jpg","resumo":"Felipe Azevedo n\u00e3o se ilude com a p\u00e9ssima campanha do Botafogo at\u00e9 aqui"},"200984":{"titulo":"De volta, Antony e Igor Gomes treinam e refor\u00e7am S\u00e3o Paulo contra o Corinthians","link":"https:\/\/www.futebolinterior.com.br\/de-volta-antony-e-igor-gomes-treinam-e-reforcam-sao-paulo-contra-o-corinthians\/","chapeu":"BOA MLKADA","data":"12\/02\/2020","imagem":"https:\/\/images.futebolinterior.com.br\/2020\/11\/0002050449240_img-300x238.png","resumo":"O treino desta quarta-feira do S\u00e3o Paulo s\u00f3 teve a presen\u00e7a da imprensa liberada no aquecimento"},"200998":{"titulo":"Ap\u00f3s divulga\u00e7\u00e3o de poss\u00edvel atraso salarial, SAPESP conversa com atletas do S\u00e3o Paulo","link":"https:\/\/www.futebolinterior.com.br\/apos-divulgacao-de-possivel-atraso-salarial-sapesp-conversa-com-atletas-do-sao-paulo\/","chapeu":"EM CIMA!","data":"12\/02\/2020","imagem":"https:\/\/images.futebolinterior.com.br\/2020\/11\/0002050449230_img-300x201.jpg","resumo":"Pioneira no combate aos atrasos salariais no futebol, a entidade colocou-se \u00e0 disposi\u00e7\u00e3o dos jogadores"}}