{"200666":{"titulo":"Paulist\u00e3o: Corinthians se aproxima de volante que rescindiu com o Cruzeiro","link":"https:\/\/www.futebolinterior.com.br\/paulistao-corinthians-se-aproxima-de-volante-que-rescindiu-com-o-cruzeiro\/","chapeu":"AVAN\u00c7OU","data":"13\/02\/2020","imagem":"https:\/\/images.futebolinterior.com.br\/2020\/11\/0002050449599_img-300x183.jpg","resumo":"Estima-se que o Corinthians adquira 65% dos direitos e feche tr\u00eas anos de contrato. "},"200698":{"titulo":"\u00c1rbitro de pol\u00eamica em Brusque x Sport apitar\u00e1 S\u00e3o Paulo x Corinthians no s\u00e1bado","link":"https:\/\/www.futebolinterior.com.br\/arbitro-de-polemica-em-brusque-x-sport-apitara-sao-paulo-x-corinthians-no-sabado\/","chapeu":"ESCOLHIDO!","data":"13\/02\/2020","imagem":"https:\/\/images.futebolinterior.com.br\/2020\/11\/0002050449579_img-300x169.jpg","resumo":"Douglas Marques das Flores se envolveu em confus\u00e3o por demora em tomar atitude na elimina\u00e7\u00e3o dos pernambucanos"},"200680":{"titulo":"Paulist\u00e3o: Ex-zagueiro do Cruzeiro \u00e9 regularizado e pode ser titular no RB Bragantino","link":"https:\/\/www.futebolinterior.com.br\/paulistao-ex-zagueiro-do-cruzeiro-e-regularizado-e-pode-ser-titular-no-rb-bragantino\/","chapeu":"CHEGOU COM TUDO","data":"13\/02\/2020","imagem":"https:\/\/images.futebolinterior.com.br\/2020\/11\/0002050449587_img-300x200.jpg","resumo":"A estreia pode acontecer j\u00e1 neste s\u00e1bado, \u00e0s 19h, quando o Massa Bruta recebe o Oeste no est\u00e1dio Nabi Abi Chedid."},"200696":{"titulo":"Paulist\u00e3o: Tiago Nunes v\u00ea cl\u00e1ssico com S\u00e3o Paulo como chance para reerguer Corinthians","link":"https:\/\/www.futebolinterior.com.br\/paulistao-tiago-nunes-ve-classico-com-sao-paulo-como-chance-para-reerguer-corinthians\/","chapeu":"REA\u00c7\u00c3O","data":"13\/02\/2020","imagem":"https:\/\/images.futebolinterior.com.br\/2020\/11\/0002050449582_img-300x222.jpg","resumo":"Uma derrota pode tirar o time alvinegro da zona de classifica\u00e7\u00e3o de seu grupo no Estadual e colocar ainda mais press\u00e3o no elenco"},"200742":{"titulo":"Paulist\u00e3o: Todinho \u00e9 liberado, e Carpini encaminha escala\u00e7\u00e3o do Guarani para s\u00e1bado","link":"https:\/\/www.futebolinterior.com.br\/paulistao-todinho-e-liberado-e-carpini-encaminha-escalacao-do-guarani-para-sabado\/","chapeu":"QUASE PRONTO","data":"13\/02\/2020","imagem":"https:\/\/images.futebolinterior.com.br\/2020\/11\/0002050449541_img-300x200.jpg","resumo":"Por manuten\u00e7\u00e3o da lideran\u00e7a, Bugre encara o invicto Novorizontino, no Brinco de Ouro, \u00e0s 16h"},"200746":{"titulo":"Paulist\u00e3o: Deivid celebra concorr\u00eancia no meio-campo do Guarani: 'S\u00f3 tem a ganhar'","link":"https:\/\/www.futebolinterior.com.br\/paulistao-deivid-celebra-concorrencia-no-meio-campo-do-guarani-so-tem-a-ganhar\/","chapeu":"MUITO BOM","data":"13\/02\/2020","imagem":"https:\/\/images.futebolinterior.com.br\/2020\/11\/0002050449536_img-300x200.jpg","resumo":"Apesar da rotatividade neste in\u00edcio de temporada, volante segue intoc\u00e1vel com Thiago Carpini"},"200751":{"titulo":"Paulist\u00e3o: Meia diz que campo sint\u00e9tico pode dificultar o jogo para oponentes do Palmeiras","link":"https:\/\/www.futebolinterior.com.br\/paulistao-meia-diz-que-campo-sintetico-pode-dificultar-o-jogo-para-oponentes-do-palmeiras\/","chapeu":"ARMADILHA","data":"13\/02\/2020","imagem":"https:\/\/images.futebolinterior.com.br\/2020\/11\/0002050449535_img-300x169.jpg","resumo":"Jogadores do Verd\u00e3o elogiaram novo gramado do Allianz Parque"},"200754":{"titulo":"Paulist\u00e3o: Palmeiras planeja reconstruir memorial de trof\u00e9us ainda este ano","link":"https:\/\/www.futebolinterior.com.br\/paulistao-palmeiras-planeja-reconstruir-memorial-de-trofeus-ainda-este-ano\/","chapeu":"SER\u00c1 QUE ROLA?","data":"13\/02\/2020","imagem":"https:\/\/images.futebolinterior.com.br\/2020\/11\/0002050449533_img-300x134.jpg","resumo":"\"\u00c9 uma situa\u00e7\u00e3o que est\u00e1 muito pr\u00f3xima de ser resolvida. Estamos muito evolu\u00eddos. Restam detalhes\", disse Mauricio Galiotte"},"200881":{"titulo":"Paulist\u00e3o: Oeste promove lateral-direito ap\u00f3s se destacar na Copa S\u00e3o Paulo","link":"https:\/\/www.futebolinterior.com.br\/paulistao-oeste-promove-lateral-direito-apos-se-destacar-na-copa-sao-paulo\/","chapeu":"ASSINOU","data":"12\/02\/2020","imagem":"https:\/\/images.futebolinterior.com.br\/2020\/11\/0002050449357_img-300x166.jpg","resumo":"O atleta de 20 anos assinou contrato profissional e pode refor\u00e7ar o Oeste no Campeonato Paulista, Copa do Brasil e S\u00e9rie B."},"200879":{"titulo":"Empres\u00e1rio de Pedrinho chama jornalista da Globo da 'baitola', 'merda' e o amea\u00e7a","link":"https:\/\/www.futebolinterior.com.br\/empresario-de-pedrinho-chama-jornalista-da-globo-da-baitola-merda-e-o-ameaca\/","chapeu":"CONFUS\u00c3O!","data":"12\/02\/2020","imagem":"https:\/\/images.futebolinterior.com.br\/2020\/11\/0002050449355_img-300x164.jpg","resumo":"Will Dantas respondeu de maneira agressiva \u00e0s cr\u00edticas de seu atleta por parte de Andr\u00e9 Rizek"}}