{"423861":{"titulo":"Paulist\u00e3o: Apresentado, Mateus Vital se diz encantado com a torcida do Corinthians","link":"https:\/\/www.futebolinterior.com.br\/paulistao-apresentado-mateus-vital-se-diz-encantado-com-a-torcida-do-corinthians\/","chapeu":"CURTIU A MASSA!","data":"18\/01\/2018","imagem":"https:\/\/images.futebolinterior.com.br\/2021\/04\/0002050289161_img-300x200.jpg","resumo":"O meia Mateus Vital foi apresentado nesta quinta-feira como novo refor\u00e7o do Corinthians. O jogador de 19 anos esteve presente no est\u00e1dio do Pacaembu, na quarta-feira"},"423892":{"titulo":"C\u00e1ssio acredita que Florida Cup atrapalhou a pr\u00e9-temporada do Corinthians","link":"https:\/\/www.futebolinterior.com.br\/cassio-acredita-que-florida-cup-atrapalhou-a-pre-temporada-do-corinthians\/","chapeu":"TEM ESSA","data":"18\/01\/2018","imagem":"https:\/\/images.futebolinterior.com.br\/2021\/04\/0002050289141_img-300x188.jpg","resumo":"O t\u00e9cnico F\u00e1bio Carille concorda que o Tim\u00e3o vai sentir a parte f\u00edsica neste in\u00edcio de temporada"},"423896":{"titulo":"Com contus\u00e3o no olho, Bruno Henrique desfalca Santos nos dois pr\u00f3ximos jogos","link":"https:\/\/www.futebolinterior.com.br\/com-contusao-no-olho-bruno-henrique-desfalca-santos-nos-dois-proximos-jogos\/","chapeu":"QUE BAIXA","data":"18\/01\/2018","imagem":"https:\/\/images.futebolinterior.com.br\/2021\/04\/0002050289139_img-300x202.jpg","resumo":"Ap\u00f3s uma avalia\u00e7\u00e3o m\u00e9dica realizada nesta quinta, o jogador teve confirmada uma les\u00e3o na retina"},"423909":{"titulo":"Paulist\u00e3o: Carl\u00e3o acredita em evolu\u00e7\u00e3o do S\u00e3o Caetano nos pr\u00f3ximos jogos","link":"https:\/\/www.futebolinterior.com.br\/paulistao-carlao-acredita-em-evolucao-do-sao-caetano-nos-proximos-jogos\/","chapeu":"PRA CIMA","data":"18\/01\/2018","imagem":"https:\/\/images.futebolinterior.com.br\/2021\/04\/0002050289127_img-228x300.jpg","resumo":"O trope\u00e7o contra o Ituano na estreia do Campeonato Paulista n\u00e3o estava nos planos do S\u00e3o Caetano"},"423915":{"titulo":"Paulist\u00e3o: Dorival lamenta gol sofrido 'de repente' em rev\u00e9s do S\u00e3o Paulo","link":"https:\/\/www.futebolinterior.com.br\/paulistao-dorival-lamenta-gol-sofrido-de-repente-em-reves-do-sao-paulo\/","chapeu":"TRISTE","data":"18\/01\/2018","imagem":"https:\/\/images.futebolinterior.com.br\/2021\/04\/0002050289120_img-300x200.jpg","resumo":"Com um time alternativo e muitos jovens revelados no CFA de Cotia, o S\u00e3o Paulo perdeu por 2 a 0 para o S\u00e3o Bento nesta quarta-feira (17), no Walter Ribeiro, na estreia do Paulist\u00e3o"},"423919":{"titulo":"Paulist\u00e3o: Bergantin dedica vit\u00f3ria \u00e0 pr\u00e9-temporada 'bem-feita' do Ituano","link":"https:\/\/www.futebolinterior.com.br\/paulistao-bergantin-dedica-vitoria-a-pre-temporada-bem-feita-do-ituano\/","chapeu":"FELIZ","data":"18\/01\/2018","imagem":"https:\/\/images.futebolinterior.com.br\/2021\/04\/0002050289118_img-300x144.jpg","resumo":"Depois de seis anos, o Ituano voltou a estrear com uma vit\u00f3ria no Paulist\u00e3o Itaipava"},"423921":{"titulo":"Paulist\u00e3o: Safira comemora triunfo do Novorizontino: 'Come\u00e7amos com o p\u00e9 direito'","link":"https:\/\/www.futebolinterior.com.br\/paulistao-safira-comemora-triunfo-do-novorizontino-comecamos-com-o-pe-direito\/","chapeu":"VOANDO","data":"18\/01\/2018","imagem":"https:\/\/images.futebolinterior.com.br\/2021\/04\/0002050289116_img-300x225.jpg","resumo":"Alisson Safira \u00e9 o nome do autor do primeiro gol do Campeonato Paulista de 2018"},"423925":{"titulo":"Paulist\u00e3o: Eduardo Baptista avalia vit\u00f3ria e enaltece goleiro Ivan","link":"https:\/\/www.futebolinterior.com.br\/paulistao-eduardo-baptista-avalia-vitoria-e-enaltece-goleiro-ivan\/","chapeu":"FERA","data":"18\/01\/2018","imagem":"https:\/\/images.futebolinterior.com.br\/2021\/04\/0002050289115_img-300x168.jpg","resumo":"O t\u00e9cnico Eduardo Baptista tem motivos de sobra para come\u00e7ar a temporada sorridente"},"423923":{"titulo":"EXCLUSIVO: Juiz manda redistribuir pedido de Citadini para disputar elei\u00e7\u00e3o","link":"https:\/\/www.futebolinterior.com.br\/exclusivo-juiz-manda-redistribuir-pedido-de-citadini-para-disputar-eleicao\/","chapeu":"NOVO EPIS\u00d3DIO","data":"18\/01\/2018","imagem":"https:\/\/images.futebolinterior.com.br\/2021\/04\/0002050289114_img-300x200.jpg","resumo":"Centenas de s\u00f3cios apoiadores do dirigente preparam Manifesto, pedindo que a vontade dos eleitores seja respeitada:"},"423936":{"titulo":"Paulist\u00e3o: Em Bragan\u00e7a, Botafogo estreia em ano especial para Ribeir\u00e3o","link":"https:\/\/www.futebolinterior.com.br\/paulistao-em-braganca-botafogo-estreia-em-ano-especial-para-ribeirao\/","chapeu":"FERA","data":"18\/01\/2018","imagem":"https:\/\/images.futebolinterior.com.br\/2021\/04\/0002050289108_img-300x200.jpg","resumo":"Quando o Botafogo entrar em campo, \u00e0s 19h30 desta quinta-feira (18), no Est\u00e1dio Nabi Abi Chedid, contra o Bragantino, o Tricolor n\u00e3o estar\u00e1 dando apenas in\u00edcio na disputa"}}