{"423472":{"titulo":"S\u00e3o Caetano x Corinthians - De novo no Pacaembu, Tim\u00e3o busca reabilita\u00e7\u00e3o","link":"https:\/\/www.futebolinterior.com.br\/sao-caetano-x-corinthians-de-novo-no-pacaembu-timao-busca-reabilitacao\/","chapeu":"T\u00c1 EM CASA","data":"19\/01\/2018","imagem":"https:\/\/images.futebolinterior.com.br\/2021\/04\/0002050289448_img-300x188.jpg","resumo":"Na estreia, o Tim\u00e3o foi derrotado pela Ponte Preta por 1 a 0"},"423484":{"titulo":"Paulist\u00e3o: Jailson comemora titularidade no Palmeiras e exalta vit\u00f3ria em estreia","link":"https:\/\/www.futebolinterior.com.br\/paulistao-jailson-comemora-titularidade-no-palmeiras-e-exalta-vitoria-em-estreia\/","chapeu":"BOA FASE","data":"19\/01\/2018","imagem":"https:\/\/images.futebolinterior.com.br\/2021\/04\/0002050289441_img-206x300.jpg","resumo":"\"Vencer em uma estreia \u00e9 sempre importante, traz confian\u00e7a e da mais tranquilidade pra trabalhar\", disse"},"423513":{"titulo":"Paulist\u00e3o: Keno fica fora e Deyverson se machuca em treino do Palmeiras nesta sexta-feira","link":"https:\/\/www.futebolinterior.com.br\/paulistao-keno-fica-fora-e-deyverson-se-machuca-em-treino-do-palmeiras-nesta-sexta-feira\/","chapeu":"D\u00daVIDAS","data":"19\/01\/2018","imagem":"https:\/\/images.futebolinterior.com.br\/2021\/04\/0002050289430_img-300x169.jpg","resumo":"Os meias Mois\u00e9s e Gustavo Scarpa ainda fazem pr\u00e9-temporada e ser\u00e3o liberados para entrarem em campo em breve"},"423507":{"titulo":"T\u00e9cnico do Novorizontino d\u00e1 a receita para bater o S\u00e3o Paulo: 'Precisamos ser letais'","link":"https:\/\/www.futebolinterior.com.br\/tecnico-do-novorizontino-da-a-receita-para-bater-o-sao-paulo-precisamos-ser-letais\/","chapeu":"SEM BRECHA! ","data":"19\/01\/2018","imagem":"https:\/\/images.futebolinterior.com.br\/2021\/04\/0002050289429_img-300x142.png","resumo":"Ex-t\u00e9cnico do Tricolor, Doriva explica que equipe da capital vai mais pressionada para o jogo, tendo em vista a derrota da estreia "},"423542":{"titulo":"Paulist\u00e3o: Ponte Preta deve ter estreias de Marciel e Yuri contra o Linense","link":"https:\/\/www.futebolinterior.com.br\/paulistao-ponte-preta-deve-ter-estreias-de-marciel-e-yuri-contra-o-linense\/","chapeu":"MUDAN\u00c7AS","data":"19\/01\/2018","imagem":"https:\/\/images.futebolinterior.com.br\/2021\/04\/0002050289405_img-300x169.jpg","resumo":"Os dois volantes at\u00e9 podem atuar juntos, se o t\u00e9cnico Eduardo Baptista optar por um quadrado no meio-campo"},"423554":{"titulo":"Emerson Sheik se emociona no Corinthians e diz que 'chorar \u00e9 coisa de bambi'","link":"https:\/\/www.futebolinterior.com.br\/emerson-sheik-se-emociona-no-corinthians-e-diz-que-chorar-e-coisa-de-bambi\/","chapeu":"SEMPRE POL\u00caMICO","data":"19\/01\/2018","imagem":"https:\/\/images.futebolinterior.com.br\/2021\/04\/0002050289401_img-300x200.jpg","resumo":"O jogador foi apresentado nesta sexta-feira no CT Joaquim Grava"},"423546":{"titulo":"Dorival define time e ter\u00e1 Diego Souza e Cueva como op\u00e7\u00f5es no banco","link":"https:\/\/www.futebolinterior.com.br\/dorival-define-time-e-tera-diego-souza-e-cueva-como-opcoes-no-banco\/","chapeu":"PODE ESTREAR","data":"19\/01\/2018","imagem":"https:\/\/images.futebolinterior.com.br\/2021\/04\/0002050289399_img-300x188.jpg","resumo":"Os dois come\u00e7aram a pr\u00e9-temporada depois do restante do elenco, por isso n\u00e3o come\u00e7am jogando"},"423559":{"titulo":"Paulist\u00e3o: Cl\u00e1ssico entre Linense e S\u00e3o Caetano ter\u00e1 projeto Futebol Sustent\u00e1vel","link":"https:\/\/www.futebolinterior.com.br\/paulistao-classico-entre-linense-e-sao-caetano-tera-projeto-futebol-sustentavel\/","chapeu":"SUSTENSHOW!","data":"19\/01\/2018","imagem":"https:\/\/images.futebolinterior.com.br\/2021\/04\/0002050289390_img-300x225.jpg","resumo":"Ser\u00e3o disponibilizados 3 mil ingressos atrav\u00e9s do Futebol Sustent\u00e1vel para o confronto"},"423639":{"titulo":"S\u00e3o Paulo x Novorizontino - Momento de reabilita\u00e7\u00e3o para o Tricolor?","link":"https:\/\/www.futebolinterior.com.br\/sao-paulo-x-novorizontino-momento-de-reabilitacao-para-o-tricolor\/","chapeu":"QUEM LEVA?","data":"19\/01\/2018","imagem":"https:\/\/images.futebolinterior.com.br\/2021\/04\/0002050289337_img-300x223.jpg","resumo":"Tigre quer aproveitar fragilidade do rival para afund\u00e1-lo na tabela de classifica\u00e7\u00e3o"},"423621":{"titulo":"Mirassol x S\u00e3o Bento - Azul\u00e3o quer manter o embalo fora de casa","link":"https:\/\/www.futebolinterior.com.br\/mirassol-x-sao-bento-azulao-quer-manter-o-embalo-fora-de-casa\/","chapeu":"L\u00c1 EM CIMA","data":"19\/01\/2018","imagem":"https:\/\/images.futebolinterior.com.br\/2021\/04\/0002050289369_img-300x200.jpg","resumo":"Em uma das temporadas mais importantes da sua hist\u00f3ria, o S\u00e3o Bento j\u00e1 come\u00e7ou o ano de 2018 com p\u00e9 direito"}}