{"423322":{"titulo":"\u200bPaulist\u00e3o: Atacante Red Bull Brasil diz que clube ir\u00e1 para cima da Ferrovi\u00e1ria","link":"https:\/\/www.futebolinterior.com.br\/%e2%80%8bpaulistao-atacante-red-bull-brasil-diz-que-clube-ira-para-cima-da-ferroviaria\/","chapeu":"VAI PARA CIMA!","data":"20\/01\/2018","imagem":"https:\/\/images.futebolinterior.com.br\/2021\/04\/0002050289578_img-300x185.png","resumo":" Depois de empatar na estreia com a Ferrovi\u00e1ria por 0 a 0, na \u00faltima quarta-feira em Campinas. A equipe do Red Bull Brasil vai em busca da sua primeira vit\u00f3ria no Campeonato Paulis"},"423393":{"titulo":"Paulist\u00e3o: Com les\u00e3o na coxa, Lucas Ver\u00edssimo desfalca Santos contra o Bragantino","link":"https:\/\/www.futebolinterior.com.br\/paulistao-com-lesao-na-coxa-lucas-verissimo-desfalca-santos-contra-o-bragantino\/","chapeu":"DE FORA","data":"20\/01\/2018","imagem":"https:\/\/images.futebolinterior.com.br\/2021\/04\/0002050289559_img-300x200.jpg","resumo":"O zagueiro reclamou de um inc\u00f4modo na regi\u00e3o anterior da coxa direita ainda durante o primeiro tempo do duelo"},"423375":{"titulo":"Mirassol 0 x 0 S\u00e3o Bento - Tudo igual, inclusive em chances perdidas!","link":"https:\/\/www.futebolinterior.com.br\/mirassol-0-x-0-sao-bento-tudo-igual-inclusive-em-chances-perdidas\/","chapeu":"SEM GOLS","data":"20\/01\/2018","imagem":"https:\/\/images.futebolinterior.com.br\/2021\/04\/0002050289533_img-300x211.jpg","resumo":"Z\u00e9 Roberto desperdi\u00e7ou um p\u00eanalti para o Le\u00e3o Araraquarense e Maicon Souza perdeu uma chance incr\u00edvel para o Bent\u00e3o"},"423509":{"titulo":"Botafogo x Palmeiras - Pantera promove estreia de Bruno Moraes para surpreender Verd\u00e3o","link":"https:\/\/www.futebolinterior.com.br\/botafogo-x-palmeiras-pantera-promove-estreia-de-bruno-moraes-para-surpreender-verdao\/","chapeu":"MUDAN\u00c7A!","data":"20\/01\/2018","imagem":"https:\/\/images.futebolinterior.com.br\/2021\/04\/0002050289457_img-300x187.jpg","resumo":"O atacante Wesley se lesionou e foi vetado do duelo, dando espa\u00e7o para que o ex-jogador do Santa Cruz fa\u00e7a seu primeiro jogo"},"423435":{"titulo":"Paulist\u00e3o: Carille relaciona ex-jogadores de Bahia e Vasco no Cortinhians","link":"https:\/\/www.futebolinterior.com.br\/paulistao-carille-relaciona-ex-jogadores-de-bahia-e-vasco-no-cortinhians\/","chapeu":"\u00c0 DISPOSI\u00c7\u00c3O!","data":"20\/01\/2018","imagem":"https:\/\/images.futebolinterior.com.br\/2021\/04\/0002050289485_img-300x196.jpg","resumo":"Juninho Capixaba e Matheus Vital est\u00e3o \u00e0 disposi\u00e7\u00e3o, mas s\u00f3 o lateral-esquerdo deve aparecer entre os titulares "},"423438":{"titulo":"Exame constata les\u00e3o e Deyverson desfalca Palmeiras por at\u00e9 dois meses","link":"https:\/\/www.futebolinterior.com.br\/exame-constata-lesao-e-deyverson-desfalca-palmeiras-por-ate-dois-meses\/","chapeu":"NO ESTALEIRO","data":"20\/01\/2018","imagem":"https:\/\/images.futebolinterior.com.br\/2021\/04\/0002050289483_img-300x207.jpg","resumo":"O jogador se machucou sozinho durante um lance no treinamento da \u00faltima sexta-feira"},"423427":{"titulo":"Paulist\u00e3o: Ponte Preta acerta contrata\u00e7\u00e3o de Daniel, meia do S\u00e3o Paulo","link":"https:\/\/www.futebolinterior.com.br\/paulistao-ponte-preta-acerta-contratacao-de-daniel-meia-do-sao-paulo\/","chapeu":"FECHADO","data":"20\/01\/2018","imagem":"https:\/\/images.futebolinterior.com.br\/2021\/04\/0002050289482_img-300x174.jpg","resumo":"O jogador ser\u00e1 emprestado at\u00e9 o fim do Estadual e seus sal\u00e1rios ser\u00e3o pagos pelo Tricolor"},"423450":{"titulo":"Emerson Sheik nega aposentadoria e prev\u00ea tr\u00eas semanas para jogar no Corinthians","link":"https:\/\/www.futebolinterior.com.br\/emerson-sheik-nega-aposentadoria-e-preve-tres-semanas-para-jogar-no-corinthians\/","chapeu":"SEM PARAR","data":"20\/01\/2018","imagem":"https:\/\/images.futebolinterior.com.br\/2021\/04\/0002050289472_img-300x226.jpg","resumo":"O atacante s\u00f3 tem contrato por seis meses com o Tim\u00e3o, mas n\u00e3o quer parar depois disso"},"423458":{"titulo":"S\u00e3o Paulo reencontra torcida em poss\u00edvel estreia de Diego Souza no Morumbi","link":"https:\/\/www.futebolinterior.com.br\/sao-paulo-reencontra-torcida-em-possivel-estreia-de-diego-souza-no-morumbi\/","chapeu":"VAI JOGAR?","data":"20\/01\/2018","imagem":"https:\/\/images.futebolinterior.com.br\/2021\/04\/0002050289469_img-300x226.jpg","resumo":"Ap\u00f3s estreia com derrota por 2 a 0 para o S\u00e3o Bento com o time reserva, os titulares jogam neste s\u00e1bado, contra o Novorizontino"},"423569":{"titulo":"Ponte Preta x Linense - Hora do Elefante visitar a 'Macacada'!","link":"https:\/\/www.futebolinterior.com.br\/ponte-preta-x-linense-hora-do-elefante-visitar-a-macacada\/","chapeu":"VAI QUE VAI!","data":"20\/01\/2018","imagem":"https:\/\/images.futebolinterior.com.br\/2021\/04\/0002050289382_img-300x169.jpg","resumo":"O time campineiro estreou bem e vai em busca da segunda vit\u00f3ria no torneio"}}