{"419042":{"titulo":"Paulist\u00e3o: Sem espa\u00e7o, Maycon deve trocar o Corinthians pelo Shakhtar Donetsk","link":"https:\/\/www.futebolinterior.com.br\/paulistao-sem-espaco-maycon-deve-trocar-o-corinthians-pelo-shakhtar-donetsk\/","chapeu":"PARTIU UCR\u00c2NIA?","data":"07\/02\/2018","imagem":"https:\/\/images.futebolinterior.com.br\/2021\/04\/0002050293524_img-300x194.jpg","resumo":"Meio-campista foi titular em quase todo o ano de 2017. Neste ano, n\u00e3o vinha sendo utilizado e deve ser negociado"},"419060":{"titulo":"Paulist\u00e3o: No Corinthians, Pedro Henrique evolui com 'pux\u00f5es de orelha'","link":"https:\/\/www.futebolinterior.com.br\/paulistao-no-corinthians-pedro-henrique-evolui-com-puxoes-de-orelha\/","chapeu":"TOMA!","data":"07\/02\/2018","imagem":"https:\/\/images.futebolinterior.com.br\/2021\/04\/0002050293515_img-300x225.jpg","resumo":"\"O F\u00e1bio (Carille, t\u00e9cnico) fala o que tenho de corrigir, C\u00e1ssio e Balbuena tamb\u00e9m, assim a gente aprende\", disse o jogador"},"419058":{"titulo":"Paulist\u00e3o: Com grandes trasmiss\u00f5es, Ka\u00edros FM est\u00e1 ao lado do Mirassol no estadual","link":"https:\/\/www.futebolinterior.com.br\/paulistao-com-grandes-trasmissoes-kairos-fm-esta-ao-lado-do-mirassol-no-estadual\/","chapeu":"CONFIRA!","data":"07\/02\/2018","imagem":"https:\/\/images.futebolinterior.com.br\/2021\/04\/0002050293513_img-300x198.jpg","resumo":"J\u00e1 foram cinco jogos com grande transmiss\u00e3o e \u00f3tima audi\u00eancia em Mirassol e regi\u00e3o"},"419067":{"titulo":"Paulist\u00e3o: S\u00e3o Paulo confirma contrata\u00e7\u00e3o do meia-atacante Vald\u00edvia","link":"https:\/\/www.futebolinterior.com.br\/paulistao-sao-paulo-confirma-contratacao-do-meia-atacante-valdivia\/","chapeu":"OFICIAL!","data":"07\/02\/2018","imagem":"https:\/\/images.futebolinterior.com.br\/2021\/04\/0002050293511_img-300x193.jpg","resumo":"Meia-atacante vivia a espectativa de ser anunciado pelo tricolor. Acordo \u00e9 por empr\u00e9stimo, e jogador pertence ao Internacional-RS"},"419071":{"titulo":"Paulist\u00e3o: Felipe Melo admite mudan\u00e7a de postura no Palmeiras: 'Estou falando menos'","link":"https:\/\/www.futebolinterior.com.br\/paulistao-felipe-melo-admite-mudanca-de-postura-no-palmeiras-estou-falando-menos\/","chapeu":"PRESERVADO!","data":"07\/02\/2018","imagem":"https:\/\/images.futebolinterior.com.br\/2021\/04\/0002050293504_img-230x300.jpg","resumo":"Volante chegou a ser afastado dos treinos pela diretoria no ano passado. Tudo isso, por conta de um desentendimento com Cuca"},"419082":{"titulo":"Paulista A2: Zagueiro do S\u00e3o Bernardo valoriza o grupo: 'Todos est\u00e3o comprometidos'","link":"https:\/\/www.futebolinterior.com.br\/paulista-a2-zagueiro-do-sao-bernardo-valoriza-o-grupo-todos-estao-comprometidos\/","chapeu":"FECHADO!","data":"07\/02\/2018","imagem":"https:\/\/images.futebolinterior.com.br\/2021\/04\/0002050293490_img-300x200.jpg","resumo":"Dog\u00e3o acredita que, os poucos gols sofridos na competi\u00e7\u00e3o, tem rela\u00e7\u00e3o com o empenho de todos os jogadores na hora de marcar"},"419132":{"titulo":"Paulist\u00e3o: \u00c0 espera de an\u00fancio do S\u00e3o Paulo, Vald\u00edvia se despede do Atl\u00e9tico-MG","link":"https:\/\/www.futebolinterior.com.br\/paulistao-a-espera-de-anuncio-do-sao-paulo-valdivia-se-despede-do-atletico-mg\/","chapeu":"CASA NOVA!","data":"07\/02\/2018","imagem":"https:\/\/images.futebolinterior.com.br\/2021\/04\/0002050293448_img-300x200.jpg","resumo":"Meia havia terminado 2017 como titular no Galo, por\u00e9m este ano perdeu espa\u00e7o e parou de ser utilizado por Oswaldo de Oliveira"},"419147":{"titulo":"Paulist\u00e3o: Carille repete escala\u00e7\u00e3o e parece ter definido o Corinthians 'ideal'","link":"https:\/\/www.futebolinterior.com.br\/paulistao-carille-repete-escalacao-e-parece-ter-definido-o-corinthians-ideal\/","chapeu":"T\u00c1 PRONTO?","data":"07\/02\/2018","imagem":"https:\/\/images.futebolinterior.com.br\/2021\/04\/0002050293445_img-300x200.jpg","resumo":"Treinador tem o costume de montar um time-base para todo o ano, assim como foi no ano passado. Munda\u00e7as ocorrem somente por imprevistos"},"419155":{"titulo":"Paulist\u00e3o: Mois\u00e9s revela ter oferecido a camisa 10 do Palmeiras para Lucas Lima","link":"https:\/\/www.futebolinterior.com.br\/paulistao-moises-revela-ter-oferecido-a-camisa-10-do-palmeiras-para-lucas-lima\/","chapeu":"SEM CI\u00daMES!","data":"07\/02\/2018","imagem":"https:\/\/images.futebolinterior.com.br\/2021\/04\/0002050293444_img-300x180.jpg","resumo":"Meia afirmou que n\u00e3o joga pelo n\u00famero da camisa: 'o que importa \u00e9 o s\u00edmbolo que carrego no peito'"},"419186":{"titulo":"Por receita maior, clubes brasileiros apostam em patroc\u00ednios pontuais","link":"https:\/\/www.futebolinterior.com.br\/por-receita-maior-clubes-brasileiros-apostam-em-patrocinios-pontuais\/","chapeu":"MARKETING ATIVO","data":"07\/02\/2018","imagem":"https:\/\/images.futebolinterior.com.br\/2021\/04\/0002050293424_img-300x193.jpg","resumo":"F\u00e1bio Wolff cita o exemplo do Madureira, que enfrentou o S\u00e3o Paulo na \u00faltima quarta-feira, com quatro contratos somente para a partida"}}