{"418892":{"titulo":"Paulist\u00e3o: Mudan\u00e7a no estatuto faz Andr\u00e9s ter oposi\u00e7\u00e3o no conselho do Corinthians","link":"https:\/\/www.futebolinterior.com.br\/paulistao-mudanca-no-estatuto-faz-andres-ter-oposicao-no-conselho-do-corinthians\/","chapeu":"COMPLICOU","data":"08\/02\/2018","imagem":"https:\/\/images.futebolinterior.com.br\/2021\/04\/0002050293701_img-300x169.jpg","resumo":"Andr\u00e9s Sanchez assumiu um Corinthians bem diferente daquele que ele deixou em 2012, n\u00e3o s\u00f3 sob o ponto de vista financeiro e da organiza\u00e7\u00e3o"},"418894":{"titulo":"Paulist\u00e3o: Dorival reconhece baixo rendimento do S\u00e3o Paulo e reclama do calend\u00e1rio","link":"https:\/\/www.futebolinterior.com.br\/paulistao-dorival-reconhece-baixo-rendimento-do-sao-paulo-e-reclama-do-calendario\/","chapeu":"CONFESSOU","data":"08\/02\/2018","imagem":0,"resumo":"Tr\u00eas vit\u00f3rias seguidas n\u00e3o foram suficientes para que o torcedor s\u00e3o-paulino ficasse satisfeito com o time"},"418962":{"titulo":"Confira TODOS os resultados desta quarta-feira de muito futebol!","link":"https:\/\/www.futebolinterior.com.br\/confira-todos-os-resultados-desta-quarta-feira-de-muito-futebol\/","chapeu":"PLACAR FI","data":"08\/02\/2018","imagem":"https:\/\/images.futebolinterior.com.br\/2021\/04\/0002050293693_img-300x200.jpg","resumo":"Com muitos jogos por estaduais, Copa do Brasil e Copa Verde, a Libertadores ainda foi a cereja do bolo desta quarta-feira"},"418935":{"titulo":"Paulist\u00e3o: Sid\u00e3o exalta 3\u00ba jogo seguido sem tomar gols e pede paci\u00eancia","link":"https:\/\/www.futebolinterior.com.br\/paulistao-sidao-exalta-3o-jogo-seguido-sem-tomar-gols-e-pede-paciencia\/","chapeu":"CALMA","data":"08\/02\/2018","imagem":"https:\/\/images.futebolinterior.com.br\/2021\/04\/0002050293612_img-300x187.jpg","resumo":"O goleiro Sid\u00e3o exaltou a terceira vit\u00f3ria seguida do S\u00e3o Paulo - e o terceiro jogo sem sofrer gols -, ap\u00f3s o time derrotar o Bragantino por 1 a 0 pela sexta rodada"},"418953":{"titulo":"MP pedir\u00e1 a pris\u00e3o de quatro integrantes da Mancha ap\u00f3s briga com torcedores do S\u00e3o Paulo","link":"https:\/\/www.futebolinterior.com.br\/mp-pedira-a-prisao-de-quatro-integrantes-da-mancha-apos-briga-com-torcedores-do-sao-paulo\/","chapeu":"OLHA A\u00cd!","data":"08\/02\/2018","imagem":"https:\/\/images.futebolinterior.com.br\/2021\/04\/0002050293583_img-300x169.jpg","resumo":"No \u00faltimo s\u00e1bado, eles se envolveram em uma violenta confus\u00e3o dentro da esta\u00e7\u00e3o \u00c1gua Branca, na Linha 4 da CPTM"},"418951":{"titulo":"S\u00e3o Paulo 1 x 0 Bragantino - Nen\u00ea marca e tricolor vence a terceira seguida","link":"https:\/\/www.futebolinterior.com.br\/sao-paulo-1-x-0-bragantino-nene-marca-e-tricolor-vence-a-terceira-seguida\/","chapeu":"AI SIM","data":"07\/02\/2018","imagem":0,"resumo":"O S\u00e3o Paulo conseguiu encaixar a terceira vit\u00f3ria consecutiva na temporada"},"419018":{"titulo":"Paulist\u00e3o: Com Scarpa e gol de Hyoran, Palmeiras bate S\u00e3o Bernardo em jogo-treino","link":"https:\/\/www.futebolinterior.com.br\/paulistao-com-scarpa-e-gol-de-hyoran-palmeiras-bate-sao-bernardo-em-jogo-treino\/","chapeu":"AI SIM","data":"07\/02\/2018","imagem":"https:\/\/images.futebolinterior.com.br\/2021\/04\/0002050293546_img-300x193.jpg","resumo":"Os reservas do Palmeiras ganharam do S\u00e3o Bernardo, da S\u00e9rie A2 do Campeonato Paulista, por 1 a 0 no jogo-treino realizado na tarde desta quarta-feira, na Academia de Futebol"},"419013":{"titulo":"Paulist\u00e3o: Volante do Botafogo exalta melhora da equipe: 'Estamos ganhando confian\u00e7a'","link":"https:\/\/www.futebolinterior.com.br\/paulistao-volante-do-botafogo-exalta-melhora-da-equipe-estamos-ganhando-confianca\/","chapeu":"DEIXA SONHAR!","data":"07\/02\/2018","imagem":"https:\/\/images.futebolinterior.com.br\/2021\/04\/0002050293541_img-300x200.jpg","resumo":"Diones cita equil\u00edbrio, mas est\u00e1 confiante na classifica\u00e7\u00e3o da Pantera para as fases finais do Campeonato Paulista"},"419050":{"titulo":"Paulist\u00e3o: No ritmo do Carnaval, Amizade FM promete dar show em Ponte e Novorizontino","link":"https:\/\/www.futebolinterior.com.br\/paulistao-no-ritmo-do-carnaval-amizade-fm-promete-dar-show-em-ponte-e-novorizontino\/","chapeu":"ESSA \u00c9 FERA!","data":"07\/02\/2018","imagem":"https:\/\/images.futebolinterior.com.br\/2021\/04\/0002050293532_img-300x169.jpg","resumo":"Macaca vai em busca da lideran\u00e7a do Grupo B, enquanto Tigre quer entrar no G2 do Grupo C"},"419044":{"titulo":"Paulist\u00e3o: J\u00fanior Dutra projeta reencontro e comemora o seu in\u00edcio no Corinthians","link":"https:\/\/www.futebolinterior.com.br\/paulistao-junior-dutra-projeta-reencontro-e-comemora-o-seu-inicio-no-corinthians\/","chapeu":"L\u00c1 E C\u00c1","data":"07\/02\/2018","imagem":"https:\/\/images.futebolinterior.com.br\/2021\/04\/0002050293528_img-300x200.jpg","resumo":"Revelado pelo Santo Andr\u00e9, J\u00fanior Dutra projeta reencontro e comemora o seu in\u00edcio no Corinthians"}}