{"586210":{"titulo":"Paulist\u00e3o: Guilherme Alves deve manter o mesmo time do Novorizontino","link":"https:\/\/www.futebolinterior.com.br\/paulistao-guilherme-alves-deve-manter-o-mesmo-time-do-novorizontino\/","chapeu":"TUDO IGUAL","data":"09\/02\/2016","imagem":"https:\/\/images.futebolinterior.com.br\/2021\/04\/0002050141763_img-300x200.jpg","resumo":"Procurando a primeira vit\u00f3ria na competi\u00e7\u00e3o, o Novorizontino e S\u00e3o Bento se enfrentam nesta quarta-feira, \u00e0s 17 horas, no primeiro jogo oficial do est\u00e1dio Walter Ribeiro"},"586214":{"titulo":"Paulist\u00e3o: Oeste n\u00e3o poder\u00e1 contar com Mazinho para enfrentar Palmeiras","link":"https:\/\/www.futebolinterior.com.br\/paulistao-oeste-nao-podera-contar-com-mazinho-para-enfrentar-palmeiras\/","chapeu":"TROCAS","data":"09\/02\/2016","imagem":"https:\/\/images.futebolinterior.com.br\/2021\/04\/0002050141762_img-300x196.jpg","resumo":"Buscando reencontrar o caminho da vit\u00f3ria no Campeonato Paulista, o Oeste volta a campo nesta quarta-feira, \u00e0s 21h45, contra o todo poderoso Palmeiras"},"586233":{"titulo":"Libertadores: Li\u00e7\u00f5es de Ceni motivam Denis para primeira decis\u00e3o pelo S\u00e3o Paulo","link":"https:\/\/www.futebolinterior.com.br\/libertadores-licoes-de-ceni-motivam-denis-para-primeira-decisao-pelo-sao-paulo\/","chapeu":"\u00c9 MINHA VEZ!","data":"09\/02\/2016","imagem":"https:\/\/images.futebolinterior.com.br\/2021\/04\/0002050141755_img-300x193.jpg","resumo":"Aos 28 anos, o goleiro esperou sete temporadas na reserva para em 2016 assumir o posto de titular."},"586235":{"titulo":"Paulist\u00e3o: Corinthians espera contar com dois refor\u00e7os no jogo de quinta","link":"https:\/\/www.futebolinterior.com.br\/paulistao-corinthians-espera-contar-com-dois-reforcos-no-jogo-de-quinta\/","chapeu":"NO AGUARDO!","data":"09\/02\/2016","imagem":"https:\/\/images.futebolinterior.com.br\/2021\/04\/0002050141754_img-300x183.jpg","resumo":"A documenta\u00e7\u00e3o da dupla Giovanni Augusto e Andr\u00e9 foi enviada \u00e0 Federa\u00e7\u00e3o Paulista de Futebol na sexta-feira."},"586255":{"titulo":"Paulist\u00e3o: Uendel diz que refor\u00e7os j\u00e1 est\u00e3o 'em sintonia' com elenco do Corinthians","link":"https:\/\/www.futebolinterior.com.br\/paulistao-uendel-diz-que-reforcos-ja-estao-em-sintonia-com-elenco-do-corinthians\/","chapeu":"AOS POUCOS","data":"08\/02\/2016","imagem":"https:\/\/images.futebolinterior.com.br\/2021\/04\/0002050141741_img-300x225.jpg","resumo":"O elenco do Corinthians sofreu mudan\u00e7as dr\u00e1sticas nas \u00faltimas semanas"},"586265":{"titulo":"Paulist\u00e3o: Santos aguarda com pessimismo uma resposta de Robinho sobre volta ao clube","link":"https:\/\/www.futebolinterior.com.br\/paulistao-santos-aguarda-com-pessimismo-uma-resposta-de-robinho-sobre-volta-ao-clube\/","chapeu":"MOIO?","data":"08\/02\/2016","imagem":"https:\/\/images.futebolinterior.com.br\/2021\/04\/0002050141735_img-300x200.jpg","resumo":"O jogador estava com negocia\u00e7\u00e3o avan\u00e7ada com o Atl\u00e9tico-MG. Gr\u00eamio tamb\u00e9m est\u00e1 na briga"},"586290":{"titulo":"Sele\u00e7\u00e3o FI do Paulist\u00e3o com destaques do Interior e do 'novo' S\u00e3o Paulo","link":"https:\/\/www.futebolinterior.com.br\/selecao-fi-do-paulistao-com-destaques-do-interior-e-do-novo-sao-paulo\/","chapeu":"SELE\u00c7\u00c3O FI","data":"08\/02\/2016","imagem":"https:\/\/images.futebolinterior.com.br\/2021\/04\/0002050141695_img-300x187.png","resumo":"Suposta quinta for\u00e7a paulista, a Ponte Preta \u00e9 lanterna geral, com zero ponto e quatro gols negativos."},"586306":{"titulo":"Paulist\u00e3o: Balbuena visita CT do Corinthians e aguarda an\u00fancio oficial","link":"https:\/\/www.futebolinterior.com.br\/paulistao-balbuena-visita-ct-do-corinthians-e-aguarda-anuncio-oficial\/","chapeu":"EST\u00c1 PERTO!","data":"08\/02\/2016","imagem":"https:\/\/images.futebolinterior.com.br\/2021\/04\/0002050141687_img-300x196.jpg","resumo":"O zagueiro integra o elenco da sele\u00e7\u00e3o paraguaia e disputou a \u00faltima edi\u00e7\u00e3o da Copa Am\u00e9rica"},"586477":{"titulo":"Um ano sem Dalmo Gaspar; confira o material em \u00e1udio no quadro Mem\u00f3rias do Futebol","link":"https:\/\/www.futebolinterior.com.br\/um-ano-sem-dalmo-gaspar-confira-o-material-em-audio-no-quadro-memorias-do-futebol\/","chapeu":"NOSTALGIA","data":"08\/02\/2016","imagem":"https:\/\/images.futebolinterior.com.br\/2021\/04\/0002050141680_img-300x172.jpg","resumo":"Um ano sem Dalmo Gaspar; confira o material em \u00e1udio no quadro Mem\u00f3rias do Futebol "},"586315":{"titulo":"Ponte Preta busca meia, mas contrata lateral Reinaldo do S\u00e3o Paulo e espera goleiro C\u00e9sar","link":"https:\/\/www.futebolinterior.com.br\/ponte-preta-busca-meia-mas-contrata-lateral-reinaldo-do-sao-paulo-e-espera-goleiro-cesar\/","chapeu":"INVERS\u00c3O...","data":"08\/02\/2016","imagem":"https:\/\/images.futebolinterior.com.br\/2021\/04\/0002050141677_img-300x272.jpg","resumo":"Reinaldo, em princ\u00edpio, vai ser op\u00e7\u00e3o na lateral que s\u00f3 tem Gilson como especialista. Ele j\u00e1 atuou no Paulista de Jundia\u00ed, por uma ano e meio, Penapolense e Sport "}}