{"586128":{"titulo":"Osasco Audax x Red Bull Brasil - Vale a lideran\u00e7a provis\u00f3ria!","link":"https:\/\/www.futebolinterior.com.br\/osasco-audax-x-red-bull-brasil-vale-a-lideranca-provisoria\/","chapeu":"JOG\u00c3O","data":"09\/02\/2016","imagem":"https:\/\/images.futebolinterior.com.br\/2021\/04\/0002050141817_img-300x208.jpg","resumo":"Jogando no est\u00e1dio Jos\u00e9 Liberatti, em Osasco, o Audax abrir\u00e1 a 3\u00aa rodada do Campeonato Paulista nesta quarta-feira. Marcado para as 17 horas, o clube enfrentar\u00e1 o Red Bull"},"586130":{"titulo":"Linense x Ponte Preta - Est\u00e1 na hora de espantar a crise no Paulist\u00e3o?","link":"https:\/\/www.futebolinterior.com.br\/linense-x-ponte-preta-esta-na-hora-de-espantar-a-crise-no-paulistao\/","chapeu":"CAUTELA","data":"09\/02\/2016","imagem":"https:\/\/images.futebolinterior.com.br\/2021\/04\/0002050141816_img-300x191.jpg","resumo":"Procurando a primeira vit\u00f3ria, a Ponte Preta viaja at\u00e9 Lins nesta quarta-feira para enfrentar o Linense, \u00e0s 19h30, pela 3\u00aa rodada do Campeonato Paulista"},"586135":{"titulo":"Ferrovi\u00e1ria x Rio Claro - Galo Azul est\u00e1 de volta ao Paulist\u00e3o!","link":"https:\/\/www.futebolinterior.com.br\/ferroviaria-x-rio-claro-galo-azul-esta-de-volta-ao-paulistao\/","chapeu":"'EU TO AQUI'","data":"09\/02\/2016","imagem":"https:\/\/images.futebolinterior.com.br\/2021\/04\/0002050141813_img-300x200.jpg","resumo":"Finalmente o Rio Claro vai voltar a campo pelo Campeonato Paulista"},"586150":{"titulo":"Paulist\u00e3o: Red Bull j\u00e1 tem tudo pronto para enfrentar o Osasco Audax","link":"https:\/\/www.futebolinterior.com.br\/paulistao-red-bull-ja-tem-tudo-pronto-para-enfrentar-o-osasco-audax\/","chapeu":"VAMO L\u00c1","data":"09\/02\/2016","imagem":"https:\/\/images.futebolinterior.com.br\/2021\/04\/0002050141800_img-300x199.jpg","resumo":"O Red Bull Brasil trocou a folia do Carnaval pelos treinos e, depois de uma semana de prepara\u00e7\u00e3o, chegou a hora de voltar a campo no Campeonato Paulista"},"586176":{"titulo":"Paulist\u00e3o: Arouca e Z\u00e9 Roberto treinam e voltam a ser relacionados no Palmeiras","link":"https:\/\/www.futebolinterior.com.br\/paulistao-arouca-e-ze-roberto-treinam-e-voltam-a-ser-relacionados-no-palmeiras\/","chapeu":"VOLTANDO!","data":"09\/02\/2016","imagem":"https:\/\/images.futebolinterior.com.br\/2021\/04\/0002050141792_img-220x300.jpg","resumo":"Os dois aviam sido poupados no jogo passado, contra o S\u00e3o Bento, em raz\u00e3o da sequ\u00eancia de jogos que o Palmeiras ir\u00e1 enfrentar"},"586169":{"titulo":"Paulist\u00e3o: S\u00e3o Bento quer casa cheia contra o Novorizontino na \"estreia\"","link":"https:\/\/www.futebolinterior.com.br\/paulistao-sao-bento-quer-casa-cheia-contra-o-novorizontino-na-estreia\/","chapeu":"12\u00ba JOGADOR","data":"09\/02\/2016","imagem":"https:\/\/images.futebolinterior.com.br\/2021\/04\/0002050141790_img-300x200.jpg","resumo":"Esperando contar com o apoio maci\u00e7o de seu torcedor, seu 12\u00ba jogador, a diretoria do S\u00e3o Bento aguarda um grande p\u00fablico no est\u00e1dio Walter Ribeiro nesta quarta-feira"},"586179":{"titulo":"Paulist\u00e3o: T\u00e9cnico fica contente com vit\u00f3ria e deve manter a Ferrovi\u00e1ria","link":"https:\/\/www.futebolinterior.com.br\/paulistao-tecnico-fica-contente-com-vitoria-e-deve-manter-a-ferroviaria\/","chapeu":"MESMA COISA","data":"09\/02\/2016","imagem":"https:\/\/images.futebolinterior.com.br\/2021\/04\/0002050141784_img-300x200.jpg","resumo":"Buscando embalar uma boa fase no Campeonato Paulista, a Ferrovi\u00e1ria volta a campo nesta quarta-feira para enfrentar o Rio Claro na Arena Fonte Luminosa"},"586186":{"titulo":"Paulist\u00e3o: Moacir J\u00fanior perde volante e ter\u00e1 que modificar o Linense","link":"https:\/\/www.futebolinterior.com.br\/paulistao-moacir-junior-perde-volante-e-tera-que-modificar-o-linense\/","chapeu":"MUDAN\u00c7A FOR\u00c7ADA","data":"09\/02\/2016","imagem":"https:\/\/images.futebolinterior.com.br\/2021\/04\/0002050141777_img-300x191.jpg","resumo":"Sem vencer nos dois primeiros jogos, o Linense volta a campo nesta quarta-feira, \u00e1s 19h30 para enfrentar a Ponte Preta, pela 3\u00aa rodada do Campeonato Paulista"},"586200":{"titulo":"Paulist\u00e3o: Rio Claro finalmente volta a campo e deve ter mudan\u00e7as","link":"https:\/\/www.futebolinterior.com.br\/paulistao-rio-claro-finalmente-volta-a-campo-e-deve-ter-mudancas\/","chapeu":"SAUDADES","data":"09\/02\/2016","imagem":"https:\/\/images.futebolinterior.com.br\/2021\/04\/0002050141771_img-291x300.jpg","resumo":"Finalmente o Rio Claro vai voltar a campo pelo Campeonato Paulista"},"586204":{"titulo":"Paulist\u00e3o: Fernando Diniz ganha refor\u00e7os e deve mudar o Osasco Audax","link":"https:\/\/www.futebolinterior.com.br\/paulistao-fernando-diniz-ganha-reforcos-e-deve-mudar-o-osasco-audax\/","chapeu":"NOVIDADE","data":"09\/02\/2016","imagem":"https:\/\/images.futebolinterior.com.br\/2021\/04\/0002050141766_img-300x188.jpg","resumo":"Jogando no est\u00e1dio Jos\u00e9 Liberatti, em Osasco, o Audax abrir\u00e1 a 3\u00aa rodada do Campeonato Paulista nesta quarta-feira"}}