{"584979":{"titulo":"Paulist\u00e3o: Toninho Cec\u00edlio promete mudan\u00e7as no Mogi Mirim contra o XV de Piracicaba","link":"https:\/\/www.futebolinterior.com.br\/paulistao-toninho-cecilio-promete-mudancas-no-mogi-mirim-contra-o-xv-de-piracicaba\/","chapeu":"VAI COM TUDO!","data":"13\/02\/2016","imagem":"https:\/\/images.futebolinterior.com.br\/2021\/04\/0002050142871_img-300x136.jpg","resumo":"O treinador testou tr\u00eas forma\u00e7\u00f5es no sistema t\u00e1tico e, em uma delas, poder\u00e1 utilizar a composi\u00e7\u00e3o da zaga com tr\u00eas zagueiros"},"584981":{"titulo":"Paulist\u00e3o: Ponte fica a detalhes de anunciar Felipe Menezes, ex-Palmeiras e Benfica","link":"https:\/\/www.futebolinterior.com.br\/paulistao-ponte-fica-a-detalhes-de-anunciar-felipe-menezes-ex-palmeiras-e-benfica\/","chapeu":"QUASE L\u00c1","data":"13\/02\/2016","imagem":"https:\/\/images.futebolinterior.com.br\/2021\/04\/0002050142870_img-300x200.jpg","resumo":"A diretoria alvinegra vinha trabalhando para contratar um camisa 10, principal car\u00eancia do elenco"},"585006":{"titulo":"Paulist\u00e3o: Andr\u00e9 vai estrear pelo Corinthians como titular em cl\u00e1ssico contra o S\u00e3o Paulo","link":"https:\/\/www.futebolinterior.com.br\/paulistao-andre-vai-estrear-pelo-corinthians-como-titular-em-classico-contra-o-sao-paulo\/","chapeu":"BOM COME\u00c7O!","data":"13\/02\/2016","imagem":"https:\/\/images.futebolinterior.com.br\/2021\/04\/0002050142856_img-300x169.jpg","resumo":"Tite vai mandar a campo um time totalmente diferente daquele que, na quinta-feira, garantiu a terceira vit\u00f3ria em tr\u00eas jogos"},"585016":{"titulo":"Paulist\u00e3o: Sem Paulo Roberto, auxiliar deve comandar o S\u00e3o Bento contra o S\u00e3o Bernardo","link":"https:\/\/www.futebolinterior.com.br\/paulistao-sem-paulo-roberto-auxiliar-deve-comandar-o-sao-bento-contra-o-sao-bernardo\/","chapeu":"CHANCE PRA ELE","data":"13\/02\/2016","imagem":"https:\/\/images.futebolinterior.com.br\/2021\/04\/0002050142836_img-300x169.jpg","resumo":"Auxiliar de Paulo Roberto, Luisinho Rangel est\u00e1 h\u00e1 mais de cinco anos trabalhando com o t\u00e9cnico e estar \u00e0 beira do campo domingo"},"585037":{"titulo":"Bauza estuda atua\u00e7\u00e3o do S\u00e3o Paulo no 6 a 1 para corrigir time","link":"https:\/\/www.futebolinterior.com.br\/bauza-estuda-atuacao-do-sao-paulo-no-6-a-1-para-corrigir-time\/","chapeu":"CL\u00c1SSICO","data":"13\/02\/2016","imagem":"https:\/\/images.futebolinterior.com.br\/2021\/04\/0002050142800_img-300x187.jpg","resumo":"O Tricolor foi derrotado pelo Corinthians pelo placar el\u00e1stico no \u00faltimo encontro entre os dois rivais"},"585045":{"titulo":"Dorival J\u00fanior confirma Patito entre os titulares do Santos contra Novorizontino","link":"https:\/\/www.futebolinterior.com.br\/dorival-junior-confirma-patito-entre-os-titulares-do-santos-contra-novorizontino\/","chapeu":"LEMBRA DELE?","data":"13\/02\/2016","imagem":"https:\/\/images.futebolinterior.com.br\/2021\/04\/0002050142799_img-300x146.jpg","resumo":"Patito, que voltou ao clube ap\u00f3s empr\u00e9stimo, nunca se firmou no Santos. Agora, o atacante argentino ter\u00e1 a chance de mostrar servi\u00e7o"},"585060":{"titulo":"Corinthians continua cem por cento no Paulist\u00e3o ap\u00f3s tr\u00eas rodadas","link":"https:\/\/www.futebolinterior.com.br\/corinthians-continua-cem-por-cento-no-paulistao-apos-tres-rodadas\/","chapeu":"OPINI\u00c3O","data":"12\/02\/2016","imagem":"https:\/\/images.futebolinterior.com.br\/2021\/04\/0002050142777_img-300x221.jpg","resumo":"Tim\u00e3o, mesmo em fase de reformula\u00e7\u00e3o, j\u00e1 disputou tr\u00eas jogos na primeira fase do Campeonato Paulista e conseguiu tr\u00eas vit\u00f3rias."},"585108":{"titulo":"Ponte Preta x Botafogo - Quem n\u00e3o ganhar, a crise vai pegar!","link":"https:\/\/www.futebolinterior.com.br\/ponte-preta-x-botafogo-quem-nao-ganhar-a-crise-vai-pegar\/","chapeu":"PRESS\u00c3O TOTAL!","data":"12\/02\/2016","imagem":"https:\/\/images.futebolinterior.com.br\/2021\/04\/0002050142726_img-300x179.jpg","resumo":"Ponte Preta x Botafogo - Quem n\u00e3o ganhar, a crise vai pegar no Campeonato Paulista, em Campinas"},"585070":{"titulo":"Construtora critica Conmebol por vetar propaganda em est\u00e1dio do Palmeiras","link":"https:\/\/www.futebolinterior.com.br\/construtora-critica-conmebol-por-vetar-propaganda-em-estadio-do-palmeiras\/","chapeu":"N\u00c3O GOSTOU","data":"12\/02\/2016","imagem":"https:\/\/images.futebolinterior.com.br\/2021\/04\/0002050142792_img-300x169.jpg","resumo":"A entidade que comanda o futebol sul-americano determinou que o nome da Arena seja coberto nas partidas de mando do clube"},"585089":{"titulo":"PAULIST\u00c3O: Santos pode disparar, Palmeiras luta por rea\u00e7\u00e3o e Interior briga por ponta","link":"https:\/\/www.futebolinterior.com.br\/paulistao-santos-pode-disparar-palmeiras-luta-por-reacao-e-interior-briga-por-ponta\/","chapeu":"DIA DE JOGO!","data":"12\/02\/2016","imagem":"https:\/\/images.futebolinterior.com.br\/2021\/04\/0002050142744_img-300x237.jpg","resumo":"PAULIST\u00c3O: Santos pode disparar, Palmeiras luta por rea\u00e7\u00e3o e Ferrovi\u00e1ria e Audax brigam por ponta do Grupo C"}}