{"584905":{"titulo":"Balan\u00e7ando, Marcelo Oliveira n\u00e3o se mostra preocupado com cr\u00edticas","link":"https:\/\/www.futebolinterior.com.br\/balancando-marcelo-oliveira-nao-se-mostra-preocupado-com-criticas\/","chapeu":"T\u00c1 TRANQUILO?","data":"13\/02\/2016","imagem":"https:\/\/images.futebolinterior.com.br\/2021\/04\/0002050142961_img-300x195.jpg","resumo":"O treinador defendeu a op\u00e7\u00e3o de ter entrado com um time misto por causa da Libertadores"},"584900":{"titulo":"Rio Claro 0 x 2 Osasco Audax - Ao manjado esquema a 3\u00aa importante vit\u00f3ria no Paulist\u00e3o","link":"https:\/\/www.futebolinterior.com.br\/rio-claro-0-x-2-osasco-audax-ao-manjado-esquema-a-3a-importante-vitoria-no-paulistao\/","chapeu":"3\u00aa VIT\u00d3RIA","data":"13\/02\/2016","imagem":"https:\/\/images.futebolinterior.com.br\/2021\/04\/0002050142949_img-300x200.jpg","resumo":"Enquanto isso, o Rio Claro s\u00f3 tem um ponto no Grupo D e j\u00e1 come\u00e7a a se preocupar com o rebaixamento."},"584916":{"titulo":"Criticados, palmeirenses prometem volta por cima e grande estreia na Libertadores","link":"https:\/\/www.futebolinterior.com.br\/criticados-palmeirenses-prometem-volta-por-cima-e-grande-estreia-na-libertadores\/","chapeu":"SER\u00c1?","data":"13\/02\/2016","imagem":"https:\/\/images.futebolinterior.com.br\/2021\/04\/0002050142993_img-300x194.jpg","resumo":"O zagueiro Vitor Hugo n\u00e3o quis falar com a imprensa ap\u00f3s a partida"},"584922":{"titulo":"Palmeiras 1 x 2 Linense - S\u00e1bado com cara de sexta-feira 13...","link":"https:\/\/www.futebolinterior.com.br\/palmeiras-1-x-2-linense-sabado-com-cara-de-sexta-feira-13\/","chapeu":"PRESS\u00c1GIO","data":"13\/02\/2016","imagem":0,"resumo":"A \u00faltima vez que o Elefante havia conseguido sair de campo com os tr\u00eas pontos contra o Verd\u00e3o foi em 13 de fevereiro de 1955"},"584941":{"titulo":"Ituano 1 x 0 Oeste - Primeira vit\u00f3ria suada e reabilita\u00e7\u00e3o no Paulist\u00e3o","link":"https:\/\/www.futebolinterior.com.br\/ituano-1-x-0-oeste-primeira-vitoria-suada-e-reabilitacao-no-paulistao\/","chapeu":"1\u00aa VIT\u00d3RIA","data":"13\/02\/2016","imagem":0,"resumo":"Na hist\u00f3ria dos confrontos entre ambos, agora o time de Itu tem tr\u00eas vit\u00f3rias contra cinco do time de It\u00e1polis."},"584958":{"titulo":"Paulist\u00e3o: Douglas Grolli pr\u00f3ximo de acertar com a Ponte Preta","link":"https:\/\/www.futebolinterior.com.br\/paulistao-douglas-grolli-proximo-de-acertar-com-a-ponte-preta\/","chapeu":"QUASE FECHADO","data":"13\/02\/2016","imagem":"https:\/\/images.futebolinterior.com.br\/2021\/04\/0002050142889_img-300x225.jpg","resumo":"O jogador ser\u00e1 emprestado pelo Cruzeiro at\u00e9 o fim do ano"},"585066":{"titulo":"Corinthians x S\u00e3o Paulo - Revanche, freguesia, placa... Cl\u00e1ssico est\u00e1 quente!","link":"https:\/\/www.futebolinterior.com.br\/corinthians-x-sao-paulo-revanche-freguesia-placa-classico-esta-quente\/","chapeu":"MAJESTOSO!","data":"13\/02\/2016","imagem":"https:\/\/images.futebolinterior.com.br\/2021\/04\/0002050142766_img-300x169.jpg","resumo":"Corinthians x S\u00e3o Paulo - Revanche, freguesia, placa... \u00c9 Majestoso no Campeonato Paulista e pr\u00e9via da Libertadores"},"584983":{"titulo":"Paulist\u00e3o: Calleri se diz pronto para 1\u00ba cl\u00e1ssico pelo S\u00e3o Paulo","link":"https:\/\/www.futebolinterior.com.br\/paulistao-calleri-se-diz-pronto-para-1o-classico-pelo-sao-paulo\/","chapeu":"CLIMA QUENTE!","data":"13\/02\/2016","imagem":"https:\/\/images.futebolinterior.com.br\/2021\/04\/0002050142878_img-300x193.jpg","resumo":"Um dos principais refor\u00e7os do S\u00e3o Paulo para a temporada 2016, Jonathan Calleri ter\u00e1 no domingo o seu primeiro cl\u00e1ssico com a camisa tricolor contra o Corinthians, no Itaquer\u00e3o"},"584963":{"titulo":"Paulist\u00e3o: Red Bull tenta manter escrita de nunca ter perdido para Ferrovi\u00e1ria","link":"https:\/\/www.futebolinterior.com.br\/paulistao-red-bull-tenta-manter-escrita-de-nunca-ter-perdido-para-ferroviaria\/","chapeu":"RED POR TABU","data":"13\/02\/2016","imagem":"https:\/\/images.futebolinterior.com.br\/2021\/04\/0002050142879_img-300x195.jpg","resumo":"No ultimo encontro, com gol de Henan, o Red Bull bateu a Ferrinha por 1 a 0, no Majestoso, em Campinas, pela 17\u00aa rodada da S\u00e9rie A2 do Paulist\u00e3o de 2014"},"584970":{"titulo":"Paulista A3: T\u00e9cnico do Santos faz visita e elogia estrutura do Rio Preto","link":"https:\/\/www.futebolinterior.com.br\/paulista-a3-tecnico-do-santos-faz-visita-e-elogia-estrutura-do-rio-preto\/","chapeu":"ELOGIOU!","data":"13\/02\/2016","imagem":"https:\/\/images.futebolinterior.com.br\/2021\/04\/0002050142875_img-300x210.jpg","resumo":"A diretoria do Rio Preto recebeu na manh\u00e3 deste s\u00e1bado na sua sede, o t\u00e9cnico Dorival J\u00fanior, que comanda o Santos"}}