{"656295":{"titulo":"R\u00e1dio FI transmite as quartas de finais do Paulist\u00e3o neste fim de semana","link":"https:\/\/www.futebolinterior.com.br\/radio-fi-transmite-as-quartas-de-finais-do-paulistao-neste-fim-de-semana\/","chapeu":"SHOW DE TRANSMISS\u00c3O!","data":"10\/04\/2015","imagem":"https:\/\/images.futebolinterior.com.br\/2021\/04\/0002050071646_img-300x227.jpg","resumo":"Em parceria com a Conex\u00e3o FM, a R\u00e1dio FI transmite as quartas do Paulist\u00e3o "},"656306":{"titulo":"Valencia diz que Santos n\u00e3o pode vacilar contra XV de Piracicaba na Vila Belmiro","link":"https:\/\/www.futebolinterior.com.br\/valencia-diz-que-santos-nao-pode-vacilar-contra-xv-de-piracicaba-na-vila-belmiro\/","chapeu":"PARA CIMA!","data":"10\/04\/2015","imagem":"https:\/\/images.futebolinterior.com.br\/2021\/04\/0002050071648_img-300x163.jpg","resumo":"Os dois times se enfrentam no domingo, \u00e0s 16 horas, em Santos"},"656353":{"titulo":"PAULIST\u00c3O: Quartas de final medir\u00e1 a for\u00e7a do interior contra os Grandes","link":"https:\/\/www.futebolinterior.com.br\/paulistao-quartas-de-final-medira-a-forca-do-interior-contra-os-grandes\/","chapeu":"QUEM LEVA?","data":"10\/04\/2015","imagem":"https:\/\/images.futebolinterior.com.br\/2021\/04\/0002050071604_img-300x168.jpg","resumo":"Foram quase tr\u00eas meses de jogos disputados, dom\u00ednio dos Grandes e surpresas no Interior, mas o Campeonato Paulista finalmente chega a suas quartas de final"},"656391":{"titulo":"Paulist\u00e3o: Oswaldo teme ver Palmeiras prejudicado por pol\u00eamica sobre patrocinadora","link":"https:\/\/www.futebolinterior.com.br\/paulistao-oswaldo-teme-ver-palmeiras-prejudicado-por-polemica-sobre-patrocinadora\/","chapeu":"DESCULPINHA?","data":"10\/04\/2015","imagem":"https:\/\/images.futebolinterior.com.br\/2021\/04\/0002050071631_img-300x169.jpg","resumo":"A Federa\u00e7\u00e3o Paulista de Futebol (FPF) anunciou na quinta-feira que a Crefisa e FAM ser\u00e3o patrocinadoras dos \u00e1rbitros na reta final do Campeonato Paulista. "},"656317":{"titulo":"Paulist\u00e3o: Palmeiras inscreve volante Andrei Girotto e mais tr\u00eas","link":"https:\/\/www.futebolinterior.com.br\/paulistao-palmeiras-inscreve-volante-andrei-girotto-e-mais-tres\/","chapeu":"MUDAN\u00c7AS","data":"10\/04\/2015","imagem":"https:\/\/images.futebolinterior.com.br\/2021\/04\/0002050071629_img-300x169.jpg","resumo":" O Palmeiras anunciou nesta sexta-feira as quatro trocas que tem direito de fazer na lista dos inscritos para o Campeonato Paulista. "},"656315":{"titulo":"Paulist\u00e3o: Toninho Cec\u00edlio se inspira em campanha de cinco anos atr\u00e1s para chegar na semifinal com o XV","link":"https:\/\/www.futebolinterior.com.br\/paulistao-toninho-cecilio-se-inspira-em-campanha-de-cinco-anos-atras-para-chegar-na-semifinal-com-o-xv\/","chapeu":"EU ACREDITO","data":"10\/04\/2015","imagem":"https:\/\/images.futebolinterior.com.br\/2021\/04\/0002050071627_img-279x300.jpg","resumo":" A maior surpresa entre os classificados para as quartas de final do Campeonato Paulista, o XV de Piracicaba quer ir ainda mais longe na competi\u00e7\u00e3o. "},"656321":{"titulo":"Paulist\u00e3o: Edmilson, ex-Palmeiras e Vasco, acredita em classifica\u00e7\u00e3o do Red Bull","link":"https:\/\/www.futebolinterior.com.br\/paulistao-edmilson-ex-palmeiras-e-vasco-acredita-em-classificacao-do-red-bull\/","chapeu":"CONFIAN\u00c7A!","data":"10\/04\/2015","imagem":"https:\/\/images.futebolinterior.com.br\/2021\/04\/0002050071625_img-300x189.jpg","resumo":"Satisfeito com a campanha do Red Bull, Edmilson acha que o time poder\u00e1 surpreender o S\u00e3o Paulo, neste s\u00e1bado, no Morumbi."},"656327":{"titulo":"Paulist\u00e3o: Guto Ferreira esconde time da Ponte e faz piada: \"Ter\u00e1 11 em campo\"","link":"https:\/\/www.futebolinterior.com.br\/paulistao-guto-ferreira-esconde-time-da-ponte-e-faz-piada-tera-11-em-campo\/","chapeu":"QUEM JOGA?","data":"10\/04\/2015","imagem":"https:\/\/images.futebolinterior.com.br\/2021\/04\/0002050071619_img-300x153.jpg","resumo":"Ponte Preta e Corinthians se enfrentam, neste s\u00e1bado, \u00e0s 16h20, na Arena Corinthians, pelas quartas-de-final do Campeonato Paulista."},"656334":{"titulo":"Paulist\u00e3o: T\u00e9cnico do Botafogo faz mist\u00e9rio na escala\u00e7\u00e3o para enfrentar o Palmeiras","link":"https:\/\/www.futebolinterior.com.br\/paulistao-tecnico-do-botafogo-faz-misterio-na-escalacao-para-enfrentar-o-palmeiras\/","chapeu":"QUEM JOGA?","data":"10\/04\/2015","imagem":"https:\/\/images.futebolinterior.com.br\/2021\/04\/0002050071618_img-300x200.jpg","resumo":" Vindo de duas vit\u00f3rias consecutivas \u2013 2 a 0 sobre o S\u00e3o Paulo e 3 a 1 diante do Mogi Mirim \u2013 o Botafogo chega com for\u00e7a para a disputa das quartas de final"},"656345":{"titulo":"Paulist\u00e3o: Red Bull \u00e9 o clube visitante com mais ingressos dispon\u00edveis nas quartas de final","link":"https:\/\/www.futebolinterior.com.br\/paulistao-red-bull-e-o-clube-visitante-com-mais-ingressos-disponiveis-nas-quartas-de-final\/","chapeu":"MAIOR DO INTERIOR","data":"10\/04\/2015","imagem":"https:\/\/images.futebolinterior.com.br\/2021\/04\/0002050071611_img-300x146.jpg","resumo":" Dos quatro clubes que ser\u00e3o visitantes nas quartas de final do Paulist\u00e3o, o Red Bull \u00e9 que o que tem condi\u00e7\u00f5es de levar mais torcedor ao est\u00e1dio."}}