{"656186":{"titulo":"Paulist\u00e3o: Torcedores da Ponte lotam caravana e prometem invas\u00e3o ao Itaquer\u00e3o","link":"https:\/\/www.futebolinterior.com.br\/paulistao-torcedores-da-ponte-lotam-caravana-e-prometem-invasao-ao-itaquerao\/","chapeu":"CONFIRA A GALERIA!","data":"11\/04\/2015","imagem":"https:\/\/images.futebolinterior.com.br\/2021\/04\/0002050071707_img-300x225.jpg","resumo":"Muitos membros da torcida da Macaca compareceram nesta manh\u00e3 no Mois\u00e9s Lucarelli para sa\u00edda rumo \u00e0 S\u00e3o Paulo"},"656207":{"titulo":"Palmeiras x Botafogo - Pantera busca inspira\u00e7\u00e3o na \"garotada\" para virar zebra!","link":"https:\/\/www.futebolinterior.com.br\/palmeiras-x-botafogo-pantera-busca-inspiracao-na-garotada-para-virar-zebra\/","chapeu":"H\u00c1 POUCO TEMPO...","data":"11\/04\/2015","imagem":"https:\/\/images.futebolinterior.com.br\/2021\/04\/0002050071696_img-300x191.jpg","resumo":"Palmeiras e Botafogo se enfrentam, neste domingo, a partir das 11 horas, no Allianz Parque, em S\u00e3o Paulo, pelo Paulist\u00e3o."},"656198":{"titulo":"Quase metade dos jogos do Campeonato Paulista d\u00e1 preju\u00edzo nesta temporada","link":"https:\/\/www.futebolinterior.com.br\/quase-metade-dos-jogos-do-campeonato-paulista-da-prejuizo-nesta-temporada\/","chapeu":"EITA!","data":"11\/04\/2015","imagem":"https:\/\/images.futebolinterior.com.br\/2021\/04\/0002050071705_img-300x225.jpg","resumo":"S\u00f3 Corinthians, Palmeiras, S\u00e3o Bernardo e Penapolense tiveram lucro em todos os seus jogos"},"656266":{"titulo":"Santos x XV de Piracicaba - Nh\u00f4 Quim quer aprontar mais uma das suas","link":"https:\/\/www.futebolinterior.com.br\/santos-x-xv-de-piracicaba-nho-quim-quer-aprontar-mais-uma-das-suas\/","chapeu":"VAI DAR CERTO?","data":"11\/04\/2015","imagem":"https:\/\/images.futebolinterior.com.br\/2021\/04\/0002050071657_img-300x200.jpg","resumo":"\u00daltimo clube a conseguir a classifica\u00e7\u00e3o para as quartas de final do Campeonato Paulista, o XV de Piracicaba vai animado para enfrentar o Santos"},"656211":{"titulo":"Corinthians x Ponte Preta - Ser\u00e1 que desta vez o \"Davi\" vai superar o \"Golias\" de novo?","link":"https:\/\/www.futebolinterior.com.br\/corinthians-x-ponte-preta-sera-que-desta-vez-o-davi-vai-superar-o-golias-de-novo\/","chapeu":"QUE DUREZA!","data":"10\/04\/2015","imagem":"https:\/\/images.futebolinterior.com.br\/2021\/04\/0002050071693_img-300x199.jpg","resumo":"Ponte Preta viajou a S\u00e3o Paulo com a esperan\u00e7a de voltar com a vaga \u00e0s semifinais do Paulist\u00e3o na bagagem da Arena Corinthians."},"656313":{"titulo":"Paulist\u00e3o: Red Bull encara maior desafio da hist\u00f3ria contra o S\u00e3o Paulo","link":"https:\/\/www.futebolinterior.com.br\/paulistao-red-bull-encara-maior-desafio-da-historia-contra-o-sao-paulo\/","chapeu":"\u00c1PICE DA HIST\u00d3RIA!","data":"10\/04\/2015","imagem":"https:\/\/images.futebolinterior.com.br\/2021\/04\/0002050071626_img-212x300.jpg","resumo":"O Red Bull vai a campo neste s\u00e1bado para enfrentar o S\u00e3o Paulo, \u00e0s 18h30, no est\u00e1dio do Morumbi, na capital paulista, pelo Paulist\u00e3o."},"656255":{"titulo":"S\u00e3o Paulo x Red Bull - Estreia de Wesley, sensa\u00e7\u00e3o do interior...muita coisa em jogo!","link":"https:\/\/www.futebolinterior.com.br\/sao-paulo-x-red-bull-estreia-de-wesley-sensacao-do-interior-muita-coisa-em-jogo\/","chapeu":"QUE JOG\u00c3O!","data":"10\/04\/2015","imagem":"https:\/\/images.futebolinterior.com.br\/2021\/04\/0002050071661_img-300x193.jpg","resumo":" Apesar de disputar o Paulist\u00e3o pela primeira vez, o Red Bull j\u00e1 chegou nas quartas de final"},"656308":{"titulo":"Paulist\u00e3o: S\u00e3o Paulo descarta Luxemburgo e espera por resposta de Alejandro Sabella como saiu exclusivo no FI","link":"https:\/\/www.futebolinterior.com.br\/paulistao-sao-paulo-descarta-luxemburgo-e-espera-por-resposta-de-alejandro-sabella-como-saiu-exclusivo-no-fi\/","chapeu":"SER\u00c1 ELE COMO DISSE FI","data":"10\/04\/2015","imagem":"https:\/\/images.futebolinterior.com.br\/2021\/04\/0002050071666_img-300x225.jpg","resumo":"O presidente do S\u00e3o Paulo, Carlos Miguel Aidar, pediu para fazer um pronunciamento durante o treino do time nesta sexta-feira, no CT da Barra Funda."},"656279":{"titulo":"Paulist\u00e3o: David Braz opera m\u00e3o esquerda no Santos e est\u00e1 fora das quartas de final","link":"https:\/\/www.futebolinterior.com.br\/paulistao-david-braz-opera-mao-esquerda-no-santos-e-esta-fora-das-quartas-de-final\/","chapeu":"VETADO","data":"10\/04\/2015","imagem":"https:\/\/images.futebolinterior.com.br\/2021\/04\/0002050071655_img-300x184.jpg","resumo":" O Santos n\u00e3o ter\u00e1 mesmo o zagueiro David Braz na partida deste domingo contra o XV de Piracicaba, na Vila Belmiro, pelas quartas de final do Campeonato Paulista"},"656288":{"titulo":"Paulist\u00e3o: S\u00e3o Paulo confirma estreia de Wesley como titular no s\u00e1bado","link":"https:\/\/www.futebolinterior.com.br\/paulistao-sao-paulo-confirma-estreia-de-wesley-como-titular-no-sabado\/","chapeu":"VAI PRO JOGO","data":"10\/04\/2015","imagem":"https:\/\/images.futebolinterior.com.br\/2021\/04\/0002050071653_img-300x169.jpg","resumo":"O t\u00e9cnico interino do S\u00e3o Paulo, Milton Cruz, definiu a escala\u00e7\u00e3o do time que joga neste s\u00e1bado pelo Campeonato Paulista com a confirma\u00e7\u00e3o da estreia de Wesley"}}