{"523478":{"titulo":"Segundona: Quase centen\u00e1ria, Portuguesa Santista quer t\u00edtulo para coroar campanha","link":"https:\/\/www.futebolinterior.com.br\/segundona-quase-centenaria-portuguesa-santista-quer-titulo-para-coroar-campanha\/","chapeu":"QUER A TA\u00c7A!","data":"26\/09\/2016","imagem":"https:\/\/images.futebolinterior.com.br\/2021\/04\/0002050198169_img-300x200.jpg","resumo":"\u00daltimo t\u00edtulo estadual da equipe rubro-verde foi equivalente \u00e0 atual S\u00e9rie A2, no ano de 1964 "},"524330":{"titulo":"Segundona: FPF confirma datas das finais. CONFIRA!","link":"https:\/\/www.futebolinterior.com.br\/segundona-fpf-confirma-datas-das-finais-confira\/","chapeu":"VALE TA\u00c7A!","data":"26\/09\/2016","imagem":"https:\/\/images.futebolinterior.com.br\/2021\/04\/0002050198147_img-300x203.jpg","resumo":"Primeiro jogo ser\u00e1 no dia 1\u00ba de outubro, enquanto a grande decis\u00e3o ser\u00e1 no dia 9 "},"523167":{"titulo":"Segundona: Ap\u00f3s conquistar o acesso, Portuguesa Santista mira t\u00edtulo","link":"https:\/\/www.futebolinterior.com.br\/segundona-apos-conquistar-o-acesso-portuguesa-santista-mira-titulo\/","chapeu":"DECIS\u00c3O!","data":"26\/09\/2016","imagem":"https:\/\/images.futebolinterior.com.br\/2021\/04\/0002050198131_img-300x200.jpg","resumo":"No \u00faltimo s\u00e1bado, o time da Baixada empatou com o Tabo\u00e3o da Serra, por 1 a 1, em Santos, garantindo vaga na S\u00e9rie A3 de 2017"},"523201":{"titulo":"Com campanha mais regular da Segundona, Portuguesa Santista domina Sele\u00e7\u00e3o FI","link":"https:\/\/www.futebolinterior.com.br\/com-campanha-mais-regular-da-segundona-portuguesa-santista-domina-selecao-fi\/","chapeu":"BAITA TIME!","data":"26\/09\/2016","imagem":"https:\/\/images.futebolinterior.com.br\/2021\/04\/0002050198119_img-300x188.jpg","resumo":"A Sele\u00e7\u00e3o da Rodada teve a participa\u00e7\u00e3o de correspondentes e colaboradores espalhados pelo Interior do Estado"},"523163":{"titulo":"T\u00e9cnico finalista da Segundona \u00e9 o convidado do \u201cCamarote RF\u201d","link":"https:\/\/www.futebolinterior.com.br\/tecnico-finalista-da-segundona-e-o-convidado-do-camarote-rf\/","chapeu":"IMPERD\u00cdVEL!","data":"26\/09\/2016","imagem":"https:\/\/images.futebolinterior.com.br\/2021\/04\/0002050198117_img-300x189.jpg","resumo":"Ricardo Costa recolocou a Portuguesa Santista no Paulista A3; na decis\u00e3o, Briosa encara o Desportivo Brasil"},"523415":{"titulo":"Com festa para a fam\u00edlia, Futebol Sustent\u00e1vel faz hist\u00f3ria em Porto Feliz","link":"https:\/\/www.futebolinterior.com.br\/com-festa-para-a-familia-futebol-sustentavel-faz-historia-em-porto-feliz\/","chapeu":"S\u00d3 NO FI","data":"24\/09\/2016","imagem":0,"resumo":"Programa apoiado pela Federa\u00e7\u00e3o Paulista levou 3 mil torcedores para semi da Segundona"},"523460":{"titulo":"SEGUNDONA: Portuguesa Santista e Desportivo Brasil sobem \u00e0 S\u00e9rie A3 de 2017","link":"https:\/\/www.futebolinterior.com.br\/segundona-portuguesa-santista-e-desportivo-brasil-sobem-a-serie-a3-de-2017\/","chapeu":"\u00c9 FESTA!","data":"24\/09\/2016","imagem":"https:\/\/images.futebolinterior.com.br\/2021\/04\/0002050197815_img-300x203.jpg","resumo":" Portuguesa Santista e Desportivo Brasil s\u00e3o os \u00faltimos integrantes do Campeonato Paulista da S\u00e9rie A3 de 2017. "},"524730":{"titulo":"Portuguesa Santista 1 x 1 Tabo\u00e3o da Serra - Ap\u00f3s seis anos, Briosa est\u00e1 na S\u00e9rie A3!","link":"https:\/\/www.futebolinterior.com.br\/portuguesa-santista-1-x-1-taboao-da-serra-apos-seis-anos-briosa-esta-na-serie-a3\/","chapeu":"T\u00c1 L\u00c1!","data":"24\/09\/2016","imagem":"https:\/\/images.futebolinterior.com.br\/2021\/04\/0002050197811_img-300x200.jpg","resumo":"O time de Santos entrou em campo podendo perder por 1 a 0 e saiu com o acesso uma vaga na final, onde vai enfrentar o Desportivo Brasil."},"523748":{"titulo":"Desportivo Brasil 4 x 3 XV de Ja\u00fa - Galo valente e acesso in\u00e9dito na Segundona","link":"https:\/\/www.futebolinterior.com.br\/desportivo-brasil-4-x-3-xv-de-jau-galo-valente-e-acesso-inedito-na-segundona\/","chapeu":"SUBIU","data":"24\/09\/2016","imagem":"https:\/\/images.futebolinterior.com.br\/2021\/04\/0002050197809_img-300x200.jpg","resumo":"Time jauense esteve na frente do placar duas vezes, mas o DB foi mortal no ataque"},"524933":{"titulo":"Segundona: 'Filho' de Santos, Axel busca acesso em terra natal com o Tabo\u00e3o da Serra","link":"https:\/\/www.futebolinterior.com.br\/segundona-filho-de-santos-axel-busca-acesso-em-terra-natal-com-o-taboao-da-serra\/","chapeu":"VEM ACESSO?","data":"23\/09\/2016","imagem":"https:\/\/images.futebolinterior.com.br\/2021\/04\/0002050197657_img-300x200.jpg","resumo":"Atleta do Santos e Portuguesa Santista, ele foi t\u00e9cnico do Jabaquara na temporada passada"}}