{"522140":{"titulo":"Segundona: Willian sonha com a tr\u00edplice conquista pela Portuguesa Santista","link":"https:\/\/www.futebolinterior.com.br\/segundona-willian-sonha-com-a-triplice-conquista-pela-portuguesa-santista\/","chapeu":"AMBICIOSO! ","data":"30\/09\/2016","imagem":"https:\/\/images.futebolinterior.com.br\/2021\/04\/0002050199080_img-300x200.jpg","resumo":"Atacante lusitano j\u00e1 conquistou o acesso para S\u00e9rie A3 e busca artilharia e t\u00edtulo pelo clube "},"522600":{"titulo":"Segundona: Desportivo Brasil aposta em dupla de goleadores para buscar t\u00edtulo in\u00e9dito","link":"https:\/\/www.futebolinterior.com.br\/segundona-desportivo-brasil-aposta-em-dupla-de-goleadores-para-buscar-titulo-inedito\/","chapeu":"QUE DUPLA!","data":"29\/09\/2016","imagem":"https:\/\/images.futebolinterior.com.br\/2021\/04\/0002050198849_img-300x200.jpg","resumo":"Juntos, \u00c9dipo e J\u00falio C\u00e9sar anotaram 18 gols em toda no torneio e levaram clube \u00e0 S\u00e9rie A3 de 2017 "},"523541":{"titulo":"Segundona: Relembre confrontos dos finalistas Desportivo Brasil e Portuguesa Santista","link":"https:\/\/www.futebolinterior.com.br\/segundona-relembre-confrontos-dos-finalistas-desportivo-brasil-e-portuguesa-santista\/","chapeu":"CONFIRA!","data":"29\/09\/2016","imagem":"https:\/\/images.futebolinterior.com.br\/2021\/04\/0002050198848_img-300x169.jpg","resumo":"Time de Porto Feliz levou a melhor no confronto direto contra os santistas pela segunda fase "},"523016":{"titulo":"Segundona: 'Her\u00f3i', Lucas Lino comemora feito com Portuguesa Santista","link":"https:\/\/www.futebolinterior.com.br\/segundona-heroi-lucas-lino-comemora-feito-com-portuguesa-santista\/","chapeu":"PRA HIST\u00d3RIA!","data":"28\/09\/2016","imagem":"https:\/\/images.futebolinterior.com.br\/2021\/04\/0002050198509_img-300x200.jpg","resumo":"Jogador foi o autor do gol de empate que sacramentou o acesso do time da Baixada para S\u00e9rie A3 "},"523857":{"titulo":"Segundona: Desportivo Brasil libera 2 mil ingressos para o Futebol Sustent\u00e1vel","link":"https:\/\/www.futebolinterior.com.br\/segundona-desportivo-brasil-libera-2-mil-ingressos-para-o-futebol-sustentavel\/","chapeu":"SUSTENSHOW!","data":"28\/09\/2016","imagem":"https:\/\/images.futebolinterior.com.br\/2021\/04\/0002050198507_img-300x200.jpg","resumo":"Equipe de Porto Feliz tenta o t\u00edtulo do estadual diante da Portuguesa Santista; primeiro confronto acontece neste s\u00e1bado"},"523111":{"titulo":"Segundona: Chega ao fim o calv\u00e1rio da Portuguesa Santista, uma das fundadoras da FPF","link":"https:\/\/www.futebolinterior.com.br\/segundona-chega-ao-fim-o-calvario-da-portuguesa-santista-uma-das-fundadoras-da-fpf\/","chapeu":"SEGUNDONA","data":"27\/09\/2016","imagem":"https:\/\/images.futebolinterior.com.br\/2021\/04\/0002050198322_img-300x200.png","resumo":"Seis anos marcados por fracassos, tapet\u00e3o e decep\u00e7\u00f5es at\u00e9 conquistar o acesso"},"523228":{"titulo":"T\u00e9cnico que conquistou acesso \u00e0 S\u00e9rie A3 prestigiou a Pizzaria do Dad\u00e1","link":"https:\/\/www.futebolinterior.com.br\/tecnico-que-conquistou-acesso-a-serie-a3-prestigiou-a-pizzaria-do-dada\/","chapeu":"QUE BELEZA","data":"27\/09\/2016","imagem":0,"resumo":"O t\u00e9cnico Ricardo Costa, da Portuguesa Santista, que levou a Briosa ao acesso \u00e0 S\u00e9rie A3 nesta temporada e que come\u00e7a a decidir a Segundona a partir do pr\u00f3ximo final de semana."},"524229":{"titulo":"Com t\u00e9cnico da Portuguesa Santista, Camarote RF discute pol\u00eamicas do Brasileir\u00e3o","link":"https:\/\/www.futebolinterior.com.br\/com-tecnico-da-portuguesa-santista-camarote-rf-discute-polemicas-do-brasileirao\/","chapeu":"COBRIU TUDO!","data":"26\/09\/2016","imagem":"https:\/\/images.futebolinterior.com.br\/2021\/04\/0002050198209_img-300x225.jpg","resumo":"O programa teve como convidado especial o treinador Ricardo Costa, que conquistou o acesso com a Portuguesa Santista na Segunda Divis\u00e3o do Campeonato Paulista no final de seman"},"523417":{"titulo":"Conhe\u00e7a os times das tr\u00eas principais divis\u00f5es de S\u00e3o Paulo","link":"https:\/\/www.futebolinterior.com.br\/conheca-os-times-das-tres-principais-divisoes-de-sao-paulo\/","chapeu":"DEFINIDO!","data":"26\/09\/2016","imagem":"https:\/\/images.futebolinterior.com.br\/2021\/04\/0002050198208_img-300x157.jpg","resumo":"O Paulist\u00e3o contar\u00e1 com 16 clubes, contra 20 das S\u00e9ries A2 e A3"},"524268":{"titulo":"Segundona: Ap\u00f3s primeiro acesso da hist\u00f3ria, Desportivo Brasil sonha com o t\u00edtulo","link":"https:\/\/www.futebolinterior.com.br\/segundona-apos-primeiro-acesso-da-historia-desportivo-brasil-sonha-com-o-titulo\/","chapeu":"SONHO!","data":"26\/09\/2016","imagem":"https:\/\/images.futebolinterior.com.br\/2021\/04\/0002050198172_img-300x200.jpg","resumo":"Gerente Geral esteve na sede da FPF para defini\u00e7\u00e3o das datas e hor\u00e1rios das finais da competi\u00e7\u00e3o "}}