{"520928":{"titulo":"T\u00e9cnico de destaque \u00e9 o convidado do \u201cCamarote\u201d da Rede Fam\u00edlia nesta 2\u00aa Feira","link":"https:\/\/www.futebolinterior.com.br\/tecnico-de-destaque-e-o-convidado-do-camarote-da-rede-familia-nesta-2a-feira\/","chapeu":"IMPERD\u00cdVEL!","data":"09\/10\/2016","imagem":"https:\/\/images.futebolinterior.com.br\/2021\/04\/0002050201325_img-300x225.jpg","resumo":"Trata-se do treinador Moacir Junior, que comandou o Tombense no \u00faltimo Campeonato Brasileiro da S\u00e9rie C e o Linense no Paulist\u00e3o 2016"},"519972":{"titulo":"Segundona: Confira as melhores fotos do t\u00edtulo da Portuguesa Santista","link":"https:\/\/www.futebolinterior.com.br\/segundona-confira-as-melhores-fotos-do-titulo-da-portuguesa-santista\/","chapeu":"IMAGENS CAMPE\u00c3S","data":"09\/10\/2016","imagem":"https:\/\/images.futebolinterior.com.br\/2021\/04\/0002050201088_img-300x200.jpg","resumo":"Com uma imponente vit\u00f3ria por 3 a 0, a Briosa coroou uma grande campanha que conduziu o time a S\u00e9rie A3 do pr\u00f3ximo ano "},"519985":{"titulo":"Segundona: Durante festa da Portuguesa Santista, t\u00e9cnico afirma desejo de ficar","link":"https:\/\/www.futebolinterior.com.br\/segundona-durante-festa-da-portuguesa-santista-tecnico-afirma-desejo-de-ficar\/","chapeu":"CONTINUIDADE!","data":"09\/10\/2016","imagem":"https:\/\/images.futebolinterior.com.br\/2021\/04\/0002050201072_img-300x200.jpg","resumo":"Ricardo Costa diz que ainda n\u00e3o foi procurado pela diretoria, ele destacou a qualidade do futebol apresentado ao longo da competi\u00e7\u00e3o "},"519955":{"titulo":"Portuguesa Santista 3 x 0 Desportivo Brasil - Festa no Ulrico Mursa e Briosa campe\u00e3!","link":"https:\/\/www.futebolinterior.com.br\/portuguesa-santista-3-x-0-desportivo-brasil-festa-no-ulrico-mursa-e-briosa-campea\/","chapeu":"SEGUNDONA","data":"09\/10\/2016","imagem":"https:\/\/images.futebolinterior.com.br\/2021\/04\/0002050201062_img-300x169.jpg","resumo":"Ap\u00f3s empate no primeiro jogo, o time da casa fo superior e garantiu o t\u00edtulo em casa"},"520400":{"titulo":"Portuguesa Santista x Desportivo Brasil \u2013 Quem ser\u00e1 o campe\u00e3o da Segundona?","link":"https:\/\/www.futebolinterior.com.br\/portuguesa-santista-x-desportivo-brasil-quem-sera-o-campeao-da-segundona\/","chapeu":"VALE TA\u00c7A!","data":"08\/10\/2016","imagem":"https:\/\/images.futebolinterior.com.br\/2021\/04\/0002050200712_img-300x154.jpg","resumo":"Como tem melhor campanha e segurou o empate na primeira partida, time litor\u00e2neo precisa de outra igualdade para faturar a ta\u00e7a"},"520293":{"titulo":"N\u00daMEROS COMPROVAM: Futebol Sustent\u00e1vel \u00e9 sucesso por todo o interior de S\u00e3o Paulo","link":"https:\/\/www.futebolinterior.com.br\/numeros-comprovam-futebol-sustentavel-e-sucesso-por-todo-o-interior-de-sao-paulo\/","chapeu":"SHOWSTENT\u00c1VEL!","data":"07\/10\/2016","imagem":"https:\/\/images.futebolinterior.com.br\/2021\/04\/0002050200747_img-300x178.jpg","resumo":"Quase um milh\u00e3o de ingressos j\u00e1 foram trocados atrav\u00e9s do Programa Futebol Sustent\u00e1vel"},"521605":{"titulo":"Segundona: Luc\u00e3o comemora s\u00e9timo acesso e mira t\u00edtulo com a Portuguesa Santista","link":"https:\/\/www.futebolinterior.com.br\/segundona-lucao-comemora-setimo-acesso-e-mira-titulo-com-a-portuguesa-santista\/","chapeu":"QUER A TA\u00c7A!","data":"06\/10\/2016","imagem":"https:\/\/images.futebolinterior.com.br\/2021\/04\/0002050200516_img-300x200.jpg","resumo":"Zagueiro busca conquista in\u00e9dita para o clube neste domingo, no est\u00e1dio Ulrico Mursa, em Santos, contra o Desportivo Brasil"},"520983":{"titulo":"Segundona: De olho no futuro, XV de Ja\u00fa anuncia dois novos talentos","link":"https:\/\/www.futebolinterior.com.br\/segundona-de-olho-no-futuro-xv-de-jau-anuncia-dois-novos-talentos\/","chapeu":"SEGUNDONA","data":"06\/10\/2016","imagem":"https:\/\/images.futebolinterior.com.br\/2021\/04\/0002050200485_img-300x193.jpg","resumo":"Isac, de 16 anos, e Matheus, de 18, s\u00e3o as novas contrata\u00e7\u00f5es do Galo da Comarca"},"520741":{"titulo":"Segundona: Promo\u00e7\u00e3o de ingressos da Portuguesa Santista chega ao fim nesta tarde","link":"https:\/\/www.futebolinterior.com.br\/segundona-promocao-de-ingressos-da-portuguesa-santista-chega-ao-fim-nesta-tarde\/","chapeu":"SEGUNDONA","data":"06\/10\/2016","imagem":"https:\/\/images.futebolinterior.com.br\/2021\/04\/0002050200461_img-300x200.jpg","resumo":"O jogo ser\u00e1 disputado no est\u00e1dio Ulrico Mursa, e os donos da casa podem at\u00e9 empatar para serem campe\u00f5es estaduais"},"520773":{"titulo":"Segundona: Esperan\u00e7a de gols do Desportivo Brasil, J\u00falio C\u00e9sar quer 'cereja do bolo'","link":"https:\/\/www.futebolinterior.com.br\/segundona-esperanca-de-gols-do-desportivo-brasil-julio-cesar-quer-cereja-do-bolo\/","chapeu":"QUER A TA\u00c7A!","data":"06\/10\/2016","imagem":"https:\/\/images.futebolinterior.com.br\/2021\/04\/0002050200439_img-300x188.jpg","resumo":"Experiente, atacante marcou 10 gols na competi\u00e7\u00e3o e \u00e9 o principal goleador do time de Porto Feliz"}}