{"530264":{"titulo":"Segundona: Presidente da Inter de Bebedouro, Marcio Legal elogia Futebol Sustent\u00e1vel","link":"https:\/\/www.futebolinterior.com.br\/segundona-presidente-da-inter-de-bebedouro-marcio-legal-elogia-futebol-sustentavel\/","chapeu":"\u00c9 SHOW!","data":"01\/09\/2016","imagem":"https:\/\/images.futebolinterior.com.br\/2021\/04\/0002050191789_img-300x253.jpg","resumo":"A Inter de Bebedouro confirmou, nesta quarta-feira, a ades\u00e3o ao Futebol Sustent\u00e1vel nas quartas de final do Campeonato Paulista da Segunda Divis\u00e3o. "},"530665":{"titulo":"Segundona: Inter de Bebedouro anuncia campanha 'Futebol Sustent\u00e1vel' nas quartas de finais","link":"https:\/\/www.futebolinterior.com.br\/segundona-inter-de-bebedouro-anuncia-campanha-futebol-sustentavel-nas-quartas-de-finais\/","chapeu":"QUER CASA CHEIA","data":"31\/08\/2016","imagem":"https:\/\/images.futebolinterior.com.br\/2021\/04\/0002050191560_img-300x270.png","resumo":"O Inter de Bebedouro anunciou hoje que a partida contra o Tabo\u00e3o da Serra, no dia 10 de setembro, pelo segundo jogo das quartas de finais do Campeonato Paulista da Segunda Divis\u00e3o,"},"531471":{"titulo":"Segundona: 'Decis\u00e3o' entre Mauaense e Portuguesa contar\u00e1 com Futebol Sustent\u00e1vel","link":"https:\/\/www.futebolinterior.com.br\/segundona-decisao-entre-mauaense-e-portuguesa-contara-com-futebol-sustentavel\/","chapeu":"SHOWSTENT\u00c1VEL!","data":"31\/08\/2016","imagem":"https:\/\/images.futebolinterior.com.br\/2021\/04\/0002050191533_img-199x300.jpg","resumo":"O decisivo jogo de ida das quartas de final da Segunda Divis\u00e3o do Campeonato Paulista entre Mauaense e Portuguesa Santista contar\u00e1 com a promo\u00e7\u00e3o Futebol Sustent\u00e1vel"},"531485":{"titulo":"Segundona: Santacruzense faz prepara\u00e7\u00e3o para duelo fora de casa com XV de Ja\u00fa","link":"https:\/\/www.futebolinterior.com.br\/segundona-santacruzense-faz-preparacao-para-duelo-fora-de-casa-com-xv-de-jau\/","chapeu":"FOCO TOTAL!","data":"31\/08\/2016","imagem":"https:\/\/images.futebolinterior.com.br\/2021\/04\/0002050191529_img.jpg","resumo":"A Santacruzense terminou a 2\u00aa fase na primeira coloca\u00e7\u00e3o geral do Campeonato Paulista da Segunda Divis\u00e3o e agora enfrenta o XV de Ja\u00fa em dois jogos. O primeiro jogo no dia 04\/09"},"530467":{"titulo":"Segundona: \"Eles v\u00e3o enfrentar 11 guerreiros\" enfatiza Jorge Mau\u00e1, da Mauaense","link":"https:\/\/www.futebolinterior.com.br\/segundona-eles-vao-enfrentar-11-guerreiros-enfatiza-jorge-maua-da-mauaense\/","chapeu":"VAI NA RA\u00c7A! ","data":"31\/08\/2016","imagem":"https:\/\/images.futebolinterior.com.br\/2021\/04\/0002050191514_img-300x169.jpg","resumo":"Artilheiro da equipe se inspira na campanha do Santo Andr\u00e9 na S\u00e9rie A2, ele prefere deixar o favoritismo para a Portuguesa Santista "},"530749":{"titulo":"Segundona: Velhos conhecidos e jogos in\u00e9ditos: confira os confrontos das quartas","link":"https:\/\/www.futebolinterior.com.br\/segundona-velhos-conhecidos-e-jogos-ineditos-confira-os-confrontos-das-quartas\/","chapeu":"ESPORTES","data":"31\/08\/2016","imagem":"https:\/\/images.futebolinterior.com.br\/2021\/04\/0002050191504_img-300x165.jpg","resumo":"Os oito times entrar\u00e3o em campo para jogar a primeira parte do duelo que deixar\u00e1 apenas quatro em condi\u00e7\u00f5es de subir para a S\u00e9rie A3"},"531805":{"titulo":"Segundona: XV de Ja\u00fa quer casa cheia nas quartas de finais contra a Santacruzense","link":"https:\/\/www.futebolinterior.com.br\/segundona-xv-de-jau-quer-casa-cheia-nas-quartas-de-finais-contra-a-santacruzense\/","chapeu":"QUER CASA CHEIA","data":"30\/08\/2016","imagem":"https:\/\/images.futebolinterior.com.br\/2021\/04\/0002050191276_img-300x169.jpg","resumo":"No pr\u00f3ximo final de semana come\u00e7am a ser disputados os jogos de ida das quartas de finais do Campeonato Paulista da Segunda Divis\u00e3o. Uma das partidas ser\u00e1 na cidade de Ja\u00fa"},"531824":{"titulo":"Segundona: Volante do Desportivo Brasil, Paulo Henrique est\u00e1 confiante no acesso","link":"https:\/\/www.futebolinterior.com.br\/segundona-volante-do-desportivo-brasil-paulo-henrique-esta-confiante-no-acesso\/","chapeu":"ESPORTES","data":"30\/08\/2016","imagem":"https:\/\/images.futebolinterior.com.br\/2021\/04\/0002050191252_img-300x215.jpg","resumo":"\"Vamos lutar at\u00e9 o fim para conseguir o objetivo\", diz o jogador sobre disputar a S\u00e9rie A3 na pr\u00f3xima temporada"},"530929":{"titulo":"Artilheiro do Vocem, Billy n\u00e3o d\u00e1 chances ao Guarulhos e pede m\u00fasica","link":"https:\/\/www.futebolinterior.com.br\/artilheiro-do-vocem-billy-nao-da-chances-ao-guarulhos-e-pede-musica\/","chapeu":"FEZ 3 GOLS...","data":"30\/08\/2016","imagem":0,"resumo":"Para comemorar a grande atua\u00e7\u00e3o na partida e o HAT-TRICK, Billy pediu a m\u00fasica Ai Se Eu Te Pego, do sertanejo Michel Tel\u00f3."},"532072":{"titulo":"SEGUNDONA: Conselho T\u00e9cnico define datas e detalhes das quartas de final","link":"https:\/\/www.futebolinterior.com.br\/segundona-conselho-tecnico-define-datas-e-detalhes-das-quartas-de-final-2\/","chapeu":"CONFIRMADO!","data":"29\/08\/2016","imagem":"https:\/\/images.futebolinterior.com.br\/2021\/04\/0002050191116_img-300x147.jpg","resumo":"Em Conselho T\u00e9cnico realizado na sede da Federa\u00e7\u00e3o Paulista de Futebol, na capital bandeirante, os oito clubes classificados para as quartas de final do Paulista da Segunda Divis\u00e3o"}}