{"530837":{"titulo":"Segundona: XV de Ja\u00fa tem for\u00e7a m\u00e1xima para encarar a Santacruzense","link":"https:\/\/www.futebolinterior.com.br\/segundona-xv-de-jau-tem-forca-maxima-para-encarar-a-santacruzense\/","chapeu":"FOR\u00c7A M\u00c1XIMA!","data":"02\/09\/2016","imagem":"https:\/\/images.futebolinterior.com.br\/2021\/04\/0002050192093_img-300x225.jpg","resumo":"Neste domingo, o XV de Ja\u00fa enfrentar\u00e1 a Santacruzense \u00e0s 10 horas no est\u00e1dio Zezinho Magalh\u00e3es pela primeira partida das quartas de final do Campeonato Paulista da Segunda Divis\u00e3o."},"529777":{"titulo":"Segundona: Neste s\u00e9culo, hist\u00f3rico entre XV de Ja\u00fa e Santacruzense est\u00e1 equilibrado","link":"https:\/\/www.futebolinterior.com.br\/segundona-neste-seculo-historico-entre-xv-de-jau-e-santacruzense-esta-equilibrado\/","chapeu":"HIST\u00d3RICO!","data":"02\/09\/2016","imagem":"https:\/\/images.futebolinterior.com.br\/2021\/04\/0002050192085_img-300x207.jpg","resumo":"XV de Ja\u00fa e Santacruzense enfrentam-se neste domingo (4), \u00e0s 10h, no est\u00e1dio Zezinho Magalh\u00e3es, em Ja\u00fa, valendo o jogo de ida do mata-mata das quartas de final da Segundona."},"530861":{"titulo":"Segundona: Portuguesa Santista tem for\u00e7a m\u00e1xima para encarar Mauaense","link":"https:\/\/www.futebolinterior.com.br\/segundona-portuguesa-santista-tem-forca-maxima-para-encarar-mauaense\/","chapeu":"FOR\u00c7A M\u00c1XIMA!","data":"02\/09\/2016","imagem":"https:\/\/images.futebolinterior.com.br\/2021\/04\/0002050192079_img-300x200.jpg","resumo":"A Portuguesa Santista j\u00e1 est\u00e1 concentrada para o duelo diante do Mauense, neste s\u00e1bado, \u00e0s 15 horas, no Est\u00e1dio Pedro Benedetti, em Mau\u00e1, pela partida de ida da Segundona."},"529867":{"titulo":"Segundona: Difusora 1180 AM de Santa Cruz tem realizado grande cobertura","link":"https:\/\/www.futebolinterior.com.br\/segundona-difusora-1180-am-de-santa-cruz-tem-realizado-grande-cobertura\/","chapeu":"SEMPRE AO VIVO!","data":"02\/09\/2016","imagem":"https:\/\/images.futebolinterior.com.br\/2021\/04\/0002050192062_img-300x169.jpg","resumo":"A r\u00e1dio transmitiu os 20 jogos da Santacruzense at\u00e9 aqui, equipe \u00e9 destaque no quseito emo\u00e7\u00e3o e informa\u00e7\u00e3o "},"529877":{"titulo":"Segundona: Portuguesa Santista confia no retrospecto para superar o Mauaense","link":"https:\/\/www.futebolinterior.com.br\/segundona-portuguesa-santista-confia-no-retrospecto-para-superar-o-mauaense\/","chapeu":"HIST\u00d3RICO!","data":"02\/09\/2016","imagem":"https:\/\/images.futebolinterior.com.br\/2021\/04\/0002050192056_img-300x200.png","resumo":"Mauaense e Portuguesa Santista jogam neste s\u00e1bado, \u00e0s 15 horass, no Est\u00e1dio Pedro Benedetti, em Mau\u00e1, na Grande S\u00e3o Paulo, valendo o jogo de ida das quartas de final da Segundona."},"530092":{"titulo":"Segundona: Com for\u00e7a m\u00e1xima, Desportivo Brasil vai pra cima do Vocem","link":"https:\/\/www.futebolinterior.com.br\/segundona-com-forca-maxima-desportivo-brasil-vai-pra-cima-do-vocem\/","chapeu":"TODO MUNDO A\u00cd!","data":"02\/09\/2016","imagem":"https:\/\/images.futebolinterior.com.br\/2021\/04\/0002050192054_img-300x300.jpg","resumo":"O Desportivo Brasil vai com for\u00e7a m\u00e1xima para o primeiro duelo das quartas de final do Campeonato Paulista da Segunda Divis\u00e3o contra o Vocem, neste s\u00e1bado, \u00e0s 15 horas."},"531098":{"titulo":"Segundona: Sem desfalques, Edson Vieira n\u00e3o revela escala\u00e7\u00e3o na Inter de Bebedouro","link":"https:\/\/www.futebolinterior.com.br\/segundona-sem-desfalques-edson-vieira-nao-revela-escalacao-na-inter-de-bebedouro\/","chapeu":"\u00c9 DECIS\u00c3O!","data":"01\/09\/2016","imagem":"https:\/\/images.futebolinterior.com.br\/2021\/04\/0002050191863_img-300x180.jpg","resumo":"Visando primeiro duelo das quartas de final contra o Tabo\u00e3o da Serra, treinador tem realizado os treinos com port\u00f5es fechados"},"530199":{"titulo":"Segundona: Confira as melhores fotos da rodada final da segunda fase","link":"https:\/\/www.futebolinterior.com.br\/segundona-confira-as-melhores-fotos-da-rodada-final-da-segunda-fase\/","chapeu":"COISA LINDA! ","data":"01\/09\/2016","imagem":"https:\/\/images.futebolinterior.com.br\/2021\/04\/0002050191840_img-300x180.jpg","resumo":"Oito jogos realizados na manh\u00e3 do \u00faltimo domingo, definiram os confrontos das quartas de final da competi\u00e7\u00e3o "},"530222":{"titulo":"Segundona: Treinador da Inter de Bebedouro, Edson Vieira revela confian\u00e7a no elenco","link":"https:\/\/www.futebolinterior.com.br\/segundona-treinador-da-inter-de-bebedouro-edson-vieira-revela-confianca-no-elenco\/","chapeu":"ESTAMOS PRONTOS","data":"01\/09\/2016","imagem":"https:\/\/images.futebolinterior.com.br\/2021\/04\/0002050191815_img-300x199.jpg","resumo":"Equipe encara o Tabo\u00e3o da Serra que, na opini\u00e3o do t\u00e9cnico vem numa crescente e, tem o melhor ataque do campeonato com 46 gols marcados"},"530145":{"titulo":"Segundona: T\u00e9cnico do XV de Ja\u00fa, Baroninho diz que torcida ser\u00e1 \"fundamental\"","link":"https:\/\/www.futebolinterior.com.br\/segundona-tecnico-do-xv-de-jau-baroninho-diz-que-torcida-sera-fundamental\/","chapeu":"APOIO DA MASSA!","data":"01\/09\/2016","imagem":"https:\/\/images.futebolinterior.com.br\/2021\/04\/0002050191813_img-300x200.jpg","resumo":"Galo da Comarca encara a Santacruzense, time de melhor campanha at\u00e9 aqui, nas quartas de final da competi\u00e7\u00e3o "}}