{"527943":{"titulo":"Segundona: Sem favorito, Santacruzense e XV de Ja\u00fa brigam por vaga \u00e0s semifinais","link":"https:\/\/www.futebolinterior.com.br\/segundona-sem-favorito-santacruzense-e-xv-de-jau-brigam-por-vaga-as-semifinais\/","chapeu":"SEGUNDONA","data":"09\/09\/2016","imagem":"https:\/\/images.futebolinterior.com.br\/2021\/04\/0002050193867_img-300x225.jpg","resumo":"Por ter melhor campanha, o Tricolor Santacruzense garante classifica\u00e7\u00e3o \u00e0 pr\u00f3xima fase com novo empate"},"527769":{"titulo":"Segundona: Com grande apoio da torcida, XV de Ja\u00fa se prepara para pegar Santacruzense","link":"https:\/\/www.futebolinterior.com.br\/segundona-com-grande-apoio-da-torcida-xv-de-jau-se-prepara-para-pegar-santacruzense\/","chapeu":"TUDO PELA VAGA!","data":"09\/09\/2016","imagem":"https:\/\/images.futebolinterior.com.br\/2021\/04\/0002050193856_img-300x211.jpg","resumo":"O t\u00e9cnico Baroninho ter\u00e1 todos os jogadores \u00e0 sua disposi\u00e7\u00e3o; Galo da Comarca precisa vencer para avan\u00e7ar \u00e0 semifinal"},"527977":{"titulo":"Segundona: Ricardo Costa quer Portuguesa Santista se impondo diante do Mauaense","link":"https:\/\/www.futebolinterior.com.br\/segundona-ricardo-costa-quer-portuguesa-santista-se-impondo-diante-do-mauaense\/","chapeu":"SEGUNDONA","data":"09\/09\/2016","imagem":"https:\/\/images.futebolinterior.com.br\/2021\/04\/0002050193849_img-300x200.jpg","resumo":"Briosa venceu o duelo de ida e pode at\u00e9 perder por um gol de diferen\u00e7a para garantir classifica\u00e7\u00e3o \u00e0 semifinal"},"527883":{"titulo":"Segundona: Desportivo Brasil ter\u00e1 for\u00e7a m\u00e1xima para duelo decisivo com Vocem","link":"https:\/\/www.futebolinterior.com.br\/segundona-desportivo-brasil-tera-forca-maxima-para-duelo-decisivo-com-vocem\/","chapeu":"COMPLETO!","data":"09\/09\/2016","imagem":"https:\/\/images.futebolinterior.com.br\/2021\/04\/0002050193774_img-300x210.jpg","resumo":"Sem desfalques para o jogo que vale vaga na semifinal, Odirlei Maurer conta com o artilheiro \u00c9dipo que, busca seu segundo acesso no ano"},"528008":{"titulo":"Segundona: Futebol Sustent\u00e1vel vai garantir est\u00e1dios cheios nas quartas de finais","link":"https:\/\/www.futebolinterior.com.br\/segundona-futebol-sustentavel-vai-garantir-estadios-cheios-nas-quartas-de-finais\/","chapeu":"CASAS CHEIAS","data":"08\/09\/2016","imagem":"https:\/\/images.futebolinterior.com.br\/2021\/04\/0002050193674_img-300x183.jpg","resumo":"A expectativa \u00e9 de casa cheia, principalmente nos dois jogos em que os mandantes aderiram ao projeto Futebol Sustent\u00e1vel, um grande sucesso da Federa\u00e7\u00e3o Paulista de Futebol (FPF)."},"528296":{"titulo":"Confira a arbitragem dos jogos de volta das quartas de final da Segundona!","link":"https:\/\/www.futebolinterior.com.br\/confira-a-arbitragem-dos-jogos-de-volta-das-quartas-de-final-da-segundona\/","chapeu":"VEJA!","data":"08\/09\/2016","imagem":"https:\/\/images.futebolinterior.com.br\/2021\/04\/0002050193595_img-300x208.jpg","resumo":"Luiz Flavio de Oliveira \u00e9 quem promete ter mais trabalho, j\u00e1 que estar\u00e1 em Santacruzense e XV de Ja\u00fa, em Santa Cruz do Rio Pardo"},"528344":{"titulo":"Segundona: Artilheiro do XV de Ja\u00fa, Luis Ricardo se diz tranquilo para 'decis\u00e3o'","link":"https:\/\/www.futebolinterior.com.br\/segundona-artilheiro-do-xv-de-jau-luis-ricardo-se-diz-tranquilo-para-decisao\/","chapeu":"ESPORTES","data":"08\/09\/2016","imagem":"https:\/\/images.futebolinterior.com.br\/2021\/04\/0002050193571_img-300x225.jpg","resumo":"O jogador, que marcou nove gols no campeonato, disse que o elenco est\u00e1 focado para continuar apresentando o mesmo futebol"},"528060":{"titulo":"Segundona: Vocem fecha os treinos e foca no Desportivo Brasil","link":"https:\/\/www.futebolinterior.com.br\/segundona-vocem-fecha-os-treinos-e-foca-no-desportivo-brasil\/","chapeu":"SEGUNDONA","data":"08\/09\/2016","imagem":"https:\/\/images.futebolinterior.com.br\/2021\/04\/0002050193565_img-300x170.jpg","resumo":"Ao longo da semana, o t\u00e9cnico Paulo C\u00e9sar Santos fechou todos os treinamentos do Vocem at\u00e9 o momento e n\u00e3o confirmou quem vai entrar no lugar do expulso Eron. "},"528104":{"titulo":"Segundona: Torcida do XV de Ja\u00fa protagoniza \"invas\u00f5es\" em sua hist\u00f3ria","link":"https:\/\/www.futebolinterior.com.br\/segundona-torcida-do-xv-de-jau-protagoniza-invasoes-em-sua-historia\/","chapeu":"VAMBORA!","data":"08\/09\/2016","imagem":0,"resumo":"Galo da Comarca precisa vencer a Santacruzense, em Santa Cruz do Rio Pardo, para avan\u00e7ar \u00e0 semifinal estadual"},"529461":{"titulo":"Segundona: Com tr\u00eas baixas, Santacruzense se prepara para pegar o XV de Ja\u00fa","link":"https:\/\/www.futebolinterior.com.br\/segundona-com-tres-baixas-santacruzense-se-prepara-para-pegar-o-xv-de-jau\/","chapeu":"SEGUNDONA","data":"07\/09\/2016","imagem":"https:\/\/images.futebolinterior.com.br\/2021\/04\/0002050193148_img.jpg","resumo":"A Santacruzense se prepara para a decis\u00e3o de domingo, quando enfrenta o XV de Ja\u00fa, no Le\u00f4nidas Camarinha, pelas quartas de final do Campeonato Paulista da Segunda Divis\u00e3o. "}}