{"1879725":{"titulo":"S\u00e9rie C: Volta Redonda-RJ quer oitavo jogo sem derrota e pode encostar no l\u00edder","link":"https:\/\/www.futebolinterior.com.br\/volta-redonda-quer-8-sem-derrota-lider\/","chapeu":"VOLTA\u00c7O","data":"28\/07\/2023","imagem":"https:\/\/images.futebolinterior.com.br\/2023\/07\/imagem_2023-07-28_163507302-300x214.png","resumo":"O Volta Redonda-RJ entra em campo no s\u00e1bado (29), \u00e0s 19h, tentando subir para as primeiras posi\u00e7\u00f5es do G8"},"1879655":{"titulo":"Volta Redonda-RJ x Altos-PI - Sem perder h\u00e1 sete jogos, Volta\u00e7o recebe o lanterna","link":"https:\/\/www.futebolinterior.com.br\/volta-redonda-rj-x-altos-pi-lanterna\/","chapeu":"DUELO","data":"28\/07\/2023","imagem":"https:\/\/images.futebolinterior.com.br\/2023\/07\/imagem_2023-07-24_220707056-300x179.png","resumo":"O Volta Redonda-RJ enfrenta o Altos-PR pela 15\u00aa rodada da S\u00e9rie C do Campeonato Brasileiro"},"1879637":{"titulo":"Botafogo-PB x Manaus-AM - Belo precisa vencer para sonhar com a lideran\u00e7a","link":"https:\/\/www.futebolinterior.com.br\/botafogo-pb-x-manaus-am-belo-precisa-vencer-para-sonhar-com-a-lideranca\/","chapeu":"JOG\u00c3O","data":"28\/07\/2023","imagem":"https:\/\/images.futebolinterior.com.br\/2023\/07\/IMG-20230728-WA0051-300x220.jpg","resumo":"Enquanto o Botafogo mira a lideran\u00e7a, o Manaus quer sair de perto da zona da degola e subir algumas posi\u00e7\u00f5es "},"1879641":{"titulo":"S\u00e9rie C: Figueirense pode ter novidade contra o Amazonas-AM na busca pela reabilita\u00e7\u00e3o","link":"https:\/\/www.futebolinterior.com.br\/serie-c-figueirense-pode-ter-novidade-contra-o-amazonas-am-na-busca-pela-reabilitacao\/","chapeu":"A\u00cd SIM","data":"28\/07\/2023","imagem":"https:\/\/images.futebolinterior.com.br\/2023\/07\/Figueirense-Serie-C-5-300x200.jpg","resumo":"Isso porque, fora dos gramados h\u00e1 quase um m\u00eas por conta de uma les\u00e3o na coxa, o volante L\u00e9o Baiano est\u00e1 em fase final de transi\u00e7\u00e3o f\u00edsica e pode ser relacionado para o duelo"},"1879617":{"titulo":"Figueirense-SC x Amazonas-AM - On\u00e7a-pintada joga em busca da lideran\u00e7a","link":"https:\/\/www.futebolinterior.com.br\/figueirense-sc-x-amazonas-am-onca-pintada-joga-em-busca-da-lideranca\/","chapeu":"LIDERAN\u00c7A ","data":"28\/07\/2023","imagem":"https:\/\/images.futebolinterior.com.br\/2023\/07\/FB_IMG_1690563235338-300x200.jpg","resumo":"O Figueirense quer quebrar uma sequ\u00eancia negativa e vai precisar superar um visitante indigesto, o Amazonas"},"1879381":{"titulo":"S\u00e9rie C: Brusque-SC empresta jovem atacante para clube da segunda divis\u00e3o catarinense","link":"https:\/\/www.futebolinterior.com.br\/brusque-empresta-jovem-segunda-div-sc\/","chapeu":"SAINDO","data":"27\/07\/2023","imagem":"https:\/\/images.futebolinterior.com.br\/2023\/07\/WhatsApp-Image-2023-07-27-at-10.28.05-300x200.jpeg","resumo":"Pedoca deixa o Brusque-SC por empr\u00e9stimo at\u00e9 o final da segunda divis\u00e3o catarinense"},"1879337":{"titulo":"S\u00e9rie C: Zagueiro do Am\u00e9rica-RN fala sobre conquista da titularidade: 'Eu estava preparado'","link":"https:\/\/www.futebolinterior.com.br\/zag-america-fala-conquista-titularidade\/","chapeu":"MEC\u00c3O","data":"27\/07\/2023","imagem":"https:\/\/images.futebolinterior.com.br\/2023\/07\/imagem_2023-07-27_194514236-300x199.png","resumo":"Zagueiro Alan Ferreira conquistou seu espa\u00e7o no Am\u00e9rica-RN, tendo participa\u00e7\u00e3o nas \u00faltimas cinco rodadas"},"1879301":{"titulo":"S\u00e9rie C: Titular absoluto do Amazonas-AM lamenta sequ\u00eancia ruim: 'N\u00e3o estamos satisfeitos'","link":"https:\/\/www.futebolinterior.com.br\/titular-amazonas-lamenta-sequencia\/","chapeu":"QUER!","data":"27\/07\/2023","imagem":"https:\/\/images.futebolinterior.com.br\/2023\/07\/imagem_2023-07-27_191122398-300x194.png","resumo":"Lateral direito Yuri Ferraz atuou em praticamente todas as partidas do Amazonas-AM na S\u00e9rie C"},"1879274":{"titulo":"S\u00e9rie C: Zagueiro chega ao Manaus-AM ap\u00f3s titularidade intocada na S\u00e9rie D","link":"https:\/\/www.futebolinterior.com.br\/zagueiro-chega-ao-manaus-serie-d\/","chapeu":"CHEGANDO","data":"27\/07\/2023","imagem":"https:\/\/images.futebolinterior.com.br\/2023\/07\/WhatsApp-Image-2023-07-27-at-18.02.41-1-300x200.jpeg","resumo":"O zagueiro Nilo, de 32 anos, refor\u00e7a o Manaus-AM com cinco rodadas restantes na briga contra o rebaixamento na S\u00e9rie C"},"1879262":{"titulo":"S\u00e9rie C: Zagueiro do Confian\u00e7a alerta ap\u00f3s vit\u00f3ria: 'Tranquilo mas com press\u00e3o'","link":"https:\/\/www.futebolinterior.com.br\/zag-confianca-alerta-tranquilo-com-pressao\/","chapeu":"PRESS\u00c3O","data":"27\/07\/2023","imagem":"https:\/\/images.futebolinterior.com.br\/2023\/07\/WhatsApp-Image-2023-07-27-at-11.12.03-1-300x225.jpeg","resumo":"Adalberto \u00e9 um dos atletas mais experientes do Confian\u00e7a-SE, e segue na briga pela classifica\u00e7\u00e3o"}}