{"1064309":{"titulo":"CBF deseja implementar o VAR na S\u00e9rie B, C e D ainda em 2021","link":"https:\/\/www.futebolinterior.com.br\/cbf-deseja-implementar-o-var-na-serie-b-c-e-d-ainda-em-2021\/","chapeu":"HABEMUS VAR?","data":"22\/07\/2021","imagem":"https:\/\/images.futebolinterior.com.br\/2021\/07\/var-300x200.jpg","resumo":"Inten\u00e7\u00e3o \u00e9 utilizar a tecnologia no returno da segunda divis\u00e3o e nas fases finais da terceira e quarta"},"1064289":{"titulo":"S\u00e9rie C: Com novo treinador e novidade no ataque, Paran\u00e1 encara o Oeste","link":"https:\/\/www.futebolinterior.com.br\/serie-c-com-novo-treinador-e-novidade-no-ataque-parana-encara-o-oeste\/","chapeu":"COM TUDO","data":"22\/07\/2021","imagem":"https:\/\/images.futebolinterior.com.br\/2021\/07\/jorge-300x186.png","resumo":""},"1064187":{"titulo":"S\u00e9rie C: Paran\u00e1 anuncia novo treinador para a sequ\u00eancia da competi\u00e7\u00e3o","link":"https:\/\/www.futebolinterior.com.br\/serie-c-parana-anuncia-novo-treinador-para-a-sequencia-da-competicao\/","chapeu":"CHEGOU","data":"22\/07\/2021","imagem":"https:\/\/images.futebolinterior.com.br\/2021\/07\/silvio-300x202.png","resumo":""},"1064129":{"titulo":"S\u00c9RIE C: Na abertura da rodada, Crici\u00fama e Figueirense fazem duelo estadual com direito a tabu e briga pelo G4","link":"https:\/\/www.futebolinterior.com.br\/serie-c-na-abertura-da-rodada-criciuma-e-figueirense-fazem-duelo-estadual-com-direito-a-tabu-e-briga-pelo-g4\/","chapeu":"VAI COME\u00c7AR","data":"22\/07\/2021","imagem":"https:\/\/images.futebolinterior.com.br\/2021\/07\/E6gnmvxWQAAbCUN-300x200.jpg","resumo":""},"1064013":{"titulo":"S\u00e9rie C: Altos-PI consegue regulariza\u00e7\u00e3o e novo atacante poder\u00e1 estrear","link":"https:\/\/www.futebolinterior.com.br\/serie-c-altos-pi-consegue-regularizacao-e-novo-atacante-podera-estrear\/","chapeu":"A\u00cd SIM!","data":"22\/07\/2021","imagem":"https:\/\/images.futebolinterior.com.br\/2021\/07\/Screenshot-2021-07-22-at-09-13-15-Atacante-Madson-e-regularizado-e-pode-fazer-estreia-pelo-Altos-na-Serie-C-do-Brasileiro--300x167.png","resumo":""},"1064004":{"titulo":"S\u00e9rie C: Focado em fugir da degola, Santa Cruz apela para ex-presidentes e faz mudan\u00e7as no futebol","link":"https:\/\/www.futebolinterior.com.br\/serie-c-focado-em-fugir-da-degola-santa-cruz-apela-para-ex-presidentes-e-faz-mudancas-no-futebol\/","chapeu":"DIFERENTE","data":"22\/07\/2021","imagem":"https:\/\/images.futebolinterior.com.br\/2021\/07\/IMG_20210720_162038_255-1000x650-1-300x195.jpg","resumo":""},"1063717":{"titulo":"S\u00e9rie C: Atletas do Novorizontino exaltam campanha no 1\u00ba turno e querem manter evolu\u00e7\u00e3o","link":"https:\/\/www.futebolinterior.com.br\/serie-c-atletas-do-novorizontino-exaltam-campanha-no-1o-turno-e-querem-manter-evolucao\/","chapeu":"AN\u00c1LISE","data":"21\/07\/2021","imagem":"https:\/\/images.futebolinterior.com.br\/2021\/07\/DSC_0269-300x225.jpg","resumo":""},"1063591":{"titulo":"S\u00e9rie C: Apesar da falta de gols, Ariel valoriza ataque do Botafogo-SP","link":"https:\/\/www.futebolinterior.com.br\/serie-c-apesar-da-falta-de-gols-ariel-valoriza-o-ataque-do-botafogo-sp\/","chapeu":"SECA","data":"21\/07\/2021","imagem":"https:\/\/images.futebolinterior.com.br\/2021\/07\/ariel-300x159.jpg","resumo":"Jogador n\u00e3o marca desde mar\u00e7o, quando estava no antigo clube"},"1063504":{"titulo":"S\u00e9rie C: Meia do Figueirense refor\u00e7a import\u00e2ncia de vencer o Crici\u00fama: 'Fundamental'","link":"https:\/\/www.futebolinterior.com.br\/serie-c-meia-do-figueirense-reforca-importancia-de-vencer-o-criciuma-fundamental\/","chapeu":"IMPORTANTE","data":"21\/07\/2021","imagem":"https:\/\/images.futebolinterior.com.br\/2021\/07\/fotos-novos-7-e1622674019919-1024x684-1-300x200.jpg","resumo":""},"1063453":{"titulo":"S\u00e9rie C: Ap\u00f3s longo imbr\u00f3glio, Volta Redonda confirma rescis\u00e3o com atacante que foi campe\u00e3o do Paulista A2","link":"https:\/\/www.futebolinterior.com.br\/serie-c-apos-longo-imbroglio-volta-redonda-confirma-rescisao-com-atacante-que-foi-campeao-do-paulista-a2\/","chapeu":"QUE ROLO!","data":"21\/07\/2021","imagem":"https:\/\/images.futebolinterior.com.br\/2021\/07\/whatsapp-image-2020-07-02-at-22-09-24-1594912183911-300x200.jpeg","resumo":""}}