{"1063357":{"titulo":"CBF confirma duas mudan\u00e7as de datas e hor\u00e1rios de jogos da 11\u00aa rodada da S\u00e9rie C","link":"https:\/\/www.futebolinterior.com.br\/cbf-confirma-duas-mudancas-de-datas-e-horarios-de-jogos-da-11a-rodada-da-serie-c\/","chapeu":"A\u00cd SIM!","data":"21\/07\/2021","imagem":"https:\/\/images.futebolinterior.com.br\/2021\/07\/20180604154109_81-300x129.jpeg","resumo":""},"1063311":{"titulo":"S\u00e9rie C: Rec\u00e9m-contratado ex-Santos e Guarani marca primeiro gol pelo Volta Redonda","link":"https:\/\/www.futebolinterior.com.br\/serie-c-recem-contratado-ex-santos-e-guarani-marca-primeiro-gol-pelo-volta-redonda\/","chapeu":"IMPRESSIONOU ","data":"21\/07\/2021","imagem":"https:\/\/images.futebolinterior.com.br\/2021\/07\/Captura-da-Web_21-7-2021_15938_voltaco.com_.br_-300x190.jpeg","resumo":""},"1063319":{"titulo":"S\u00e9rie C: Crici\u00fama anuncia sa\u00edda de atacante e duelo de volta das oitavas da Copa do Brasil tem data alterada","link":"https:\/\/www.futebolinterior.com.br\/serie-c-criciuma-anuncia-saida-de-atacante-e-duelo-de-volta-das-oitavas-da-copa-do-brasil-tem-data-alterada\/","chapeu":"EITA","data":"21\/07\/2021","imagem":"https:\/\/images.futebolinterior.com.br\/2021\/07\/Screenshot-2021-07-21-at-15-09-52-Criciuma-reforca-ataque-para-o-Catarinense-e-anuncia-Pedrinho-300x200.png","resumo":""},"1063275":{"titulo":"S\u00e9rie C: Focado em escapar da degola, Santa Cruz acerta retorno de atacante ex-Guarani","link":"https:\/\/www.futebolinterior.com.br\/serie-c-santa-cruz-acerta-retorno-de-atacante-ex-guarani\/","chapeu":"CONHECIDO","data":"21\/07\/2021","imagem":"https:\/\/images.futebolinterior.com.br\/2021\/07\/50286928548_a48140b0b3_c-300x163.jpg","resumo":"O atacante deve chegar ainda nesta quarta-feira para selar o retorno ao Arruda"},"1063277":{"titulo":"S\u00e9rie C: Santa Cruz anuncia sa\u00edda de atacante ex-Inter de Limeira por 'problemas pessoais'","link":"https:\/\/www.futebolinterior.com.br\/serie-c-santa-cruz-anuncia-saida-de-atacante-ex-inter-de-limeira-por-problemas-pessoais\/","chapeu":"TCHAU","data":"21\/07\/2021","imagem":"https:\/\/images.futebolinterior.com.br\/2021\/07\/Screenshot-2021-07-21-at-14-26-10-Santa-Cruz-anuncia-saida-do-atacante-Lucas-Batatinha--300x200.png","resumo":""},"1063225":{"titulo":"S\u00e9rie C: Atacante do Botafogo-SP diz que n\u00e3o h\u00e1 cadeira cativa dentro do elenco","link":"https:\/\/www.futebolinterior.com.br\/serie-c-atacante-do-botafogo-sp-diz-que-nao-ha-cadeira-cativa-dentro-do-elenco\/","chapeu":"COMPETI\u00c7\u00c3O","data":"21\/07\/2021","imagem":"https:\/\/images.futebolinterior.com.br\/2021\/07\/ariel-300x183.png","resumo":""},"1063208":{"titulo":"S\u00e9rie C: Atendendo pedido do Altos-PI, CBF transfere duelo contra o Jacuipense-BA para o Est\u00e1dio Albert\u00e3o","link":"https:\/\/www.futebolinterior.com.br\/serie-c-atendendo-pedido-do-altos-pi-cbf-transfere-duelo-contra-o-jacuipense-ba-para-o-estadio-albertao\/","chapeu":"EITA!","data":"21\/07\/2021","imagem":"https:\/\/images.futebolinterior.com.br\/2021\/07\/alberts-300x190.jpg","resumo":""},"1063183":{"titulo":"S\u00e9rie C: Mirassol repatria goleiro que jogou por anos no Atl\u00e9tico-GO e Goi\u00e1s","link":"https:\/\/www.futebolinterior.com.br\/serie-c-mirassol-repatria-goleiro-que-jogou-por-anos-no-atletico-go-e-goias\/","chapeu":"ELE VOLTOU","data":"21\/07\/2021","imagem":"https:\/\/images.futebolinterior.com.br\/2021\/07\/218290072_4529336490433615_9156028071751790606_n-300x300.jpg","resumo":""},"1063164":{"titulo":"S\u00e9rie C: Paysandu enfim apresenta atacante ex-Ponte Preta e Corinthians que promete 'muitos gols'","link":"https:\/\/www.futebolinterior.com.br\/serie-c-paysandu-enfim-apresenta-atacante-ex-ponte-preta-e-corinthians-que-promete-muitos-gols\/","chapeu":"ENFIM!","data":"21\/07\/2021","imagem":"https:\/\/images.futebolinterior.com.br\/2021\/07\/Screenshot-2021-07-21-at-10-35-08-Rildo-e-apresentado-oficialmente-no-Paysandu-e-afirma-que-quer-corresponder-as-expectativ...-300x200.png","resumo":""},"1062681":{"titulo":"S\u00e9rie C: Crici\u00fama apresenta ex-S\u00e3o Paulo: \"Vamos trabalhar muito pelo acesso\"","link":"https:\/\/www.futebolinterior.com.br\/serie-c-criciuma-apresenta-ex-sao-paulo-vamos-trabalhar-muito-pelo-acesso\/","chapeu":"RECOME\u00c7O!","data":"20\/07\/2021","imagem":"https:\/\/images.futebolinterior.com.br\/2021\/07\/silvinho-e1626820820209-300x241.jpg","resumo":"Ele j\u00e1 treina com o restante do elenco comandado por Paulo Baier"}}