{"1065062":{"titulo":"S\u00e9rie C: Titular perde espa\u00e7o e deve ter contrato rescindido em breve pelo Paysandu","link":"https:\/\/www.futebolinterior.com.br\/serie-c-titular-perde-espaco-e-deve-ter-contrato-rescindido-em-breve-pelo-paysandu\/","chapeu":"TCHAU","data":"23\/07\/2021","imagem":"https:\/\/images.futebolinterior.com.br\/2021\/07\/t43t_00664007_0_-300x169.jpg","resumo":""},"1065021":{"titulo":"S\u00e9rie C: Volta Redonda conta com volta de lateral e atacante para o jogo contra o Tombense","link":"https:\/\/www.futebolinterior.com.br\/serie-c-volta-redonda-conta-com-volta-de-lateral-e-atacante-para-o-jogo-contra-o-tombense\/","chapeu":"COM TUDO","data":"23\/07\/2021","imagem":"https:\/\/images.futebolinterior.com.br\/2021\/07\/volta-1-300x202.png","resumo":""},"1064995":{"titulo":"S\u00e9rie C: Com desfalque na zaga, Tombense encara o Volta Redonda","link":"https:\/\/www.futebolinterior.com.br\/serie-c-com-desfalque-na-zaga-tombense-encara-o-volta-redonda\/","chapeu":"EMBALADO","data":"23\/07\/2021","imagem":"https:\/\/images.futebolinterior.com.br\/2021\/07\/guanaes-300x250.png","resumo":""},"1064941":{"titulo":"S\u00e9rie C: Com proposta do exterior, artilheiro rompe contrato e n\u00e3o \u00e9 mais jogador do Manaus","link":"https:\/\/www.futebolinterior.com.br\/serie-c-com-proposta-do-exterior-artilheiro-rompe-contrato-e-nao-e-mais-jogador-do-manaus\/","chapeu":"PUTZ!","data":"23\/07\/2021","imagem":"https:\/\/images.futebolinterior.com.br\/2021\/07\/Screenshot-2021-07-23-at-14-04-16-Lewanilson-Atacante-do-Manaus-FC-se-inspira-no-melhor-do-mundo-para-conquistar-acesso--300x200.png","resumo":""},"1064530":{"titulo":"Crici\u00fama-SC x Figueirense-SC - Quem vencer\u00e1 o primeiro cl\u00e1ssico na S\u00e9rie C?","link":"https:\/\/www.futebolinterior.com.br\/criciuma-sc-x-figueirense-sc-quem-vencera-o-primeiro-classico-na-serie-c\/","chapeu":"CL\u00c1SSICO","data":"22\/07\/2021","imagem":"https:\/\/images.futebolinterior.com.br\/2021\/07\/E66mpgQXoAAnFUt-300x200.jpg","resumo":""},"1064477":{"titulo":"S\u00e9rie C: Figueirense deve ter mesmo time para cl\u00e1ssico com o Crici\u00fama","link":"https:\/\/www.futebolinterior.com.br\/serie-c-figueirense-deve-ter-mesmo-time-para-classico-com-o-criciuma\/","chapeu":"BASE MANTIDA","data":"22\/07\/2021","imagem":"https:\/\/images.futebolinterior.com.br\/2021\/07\/51300695971_d56354fdb2_k-1024x683-1-300x200.jpg","resumo":""},"1064386":{"titulo":"Oeste x Paran\u00e1 - Lanterna e vice-lanterna medem for\u00e7as em busca da reabilita\u00e7\u00e3o","link":"https:\/\/www.futebolinterior.com.br\/oeste-x-parana-lanterna-e-vice-lanterna-medem-forcas-em-busca-da-reabilitacao\/","chapeu":"JOG\u00c3O","data":"22\/07\/2021","imagem":"https:\/\/images.futebolinterior.com.br\/2021\/07\/oeste-1-293x300.png","resumo":""},"1064390":{"titulo":"S\u00e9rie C: Paulo Baier revela que rejeitou propostas para seguir com 'projeto no Crici\u00fama'","link":"https:\/\/www.futebolinterior.com.br\/serie-c-paulo-baier-revela-que-rejeitou-propostas-para-seguir-com-projeto-no-criciuma\/","chapeu":"N\u00c3O ACEITOU","data":"22\/07\/2021","imagem":"https:\/\/images.futebolinterior.com.br\/2021\/07\/IMG_6975-e1626987286138-300x154.jpg","resumo":""},"1064325":{"titulo":"S\u00e9rie C: Com d\u00favida no gol e t\u00e9cnico interino, Oeste tenta primeira vit\u00f3ria contra o Paran\u00e1","link":"https:\/\/www.futebolinterior.com.br\/serie-c-com-duvida-no-gol-e-tecnico-interino-oeste-tenta-primeira-vitoria-contra-o-parana\/","chapeu":"\u00c9 AGORA ?","data":"22\/07\/2021","imagem":"https:\/\/images.futebolinterior.com.br\/2021\/07\/oeste-300x280.png","resumo":""},"1064301":{"titulo":"S\u00e9rie C: Santa Cruz anuncia retorno de atacante para ajudar na fuga do rebaixamento","link":"https:\/\/www.futebolinterior.com.br\/serie-c-santa-cruz-anuncia-retorno-de-atacante-para-ajudar-na-fuga-do-rebaixamento\/","chapeu":"DE VOLTA","data":"22\/07\/2021","imagem":"https:\/\/images.futebolinterior.com.br\/2021\/07\/Captura-da-Web_22-7-2021_161734_www.santacruzpe.com_.br_-300x199.jpeg","resumo":""}}