{"1069175":{"titulo":"Fator casa vira trunfo para o Figueirense buscar a vaga no returno da S\u00e9rie C","link":"https:\/\/www.futebolinterior.com.br\/fator-casa-vira-trunfo-para-o-figueirense-buscar-a-vaga-no-returno-da-serie-c\/","chapeu":"SALVA\u00c7\u00c3O?","data":"28\/07\/2021","imagem":"https:\/\/images.futebolinterior.com.br\/2021\/07\/Figueira_Patrick-Floriani_03_ori-1-300x196.jpg","resumo":"Figueirense est\u00e1 invicto como mandante - duas vit\u00f3rias e dois empates, al\u00e9m de quatro gols a favor e um sofrido"},"1069164":{"titulo":"S\u00e9rie C: Pingo analisa estreia e foca em tirar o S\u00e3o Jos\u00e9-RS da zona de rebaixamento","link":"https:\/\/www.futebolinterior.com.br\/serie-c-pingo-analisa-estreia-e-foca-em-tirar-o-sao-jose-rs-da-zona-de-rebaixamento\/","chapeu":"COME\u00c7ANDO","data":"28\/07\/2021","imagem":"https:\/\/images.futebolinterior.com.br\/2021\/07\/1616-zeca-luta-mas-acaba-derrotado-fora-de-casa-2000-300x153.jpg","resumo":""},"1069151":{"titulo":"S\u00e9rie C: Mazola J\u00fanior tem tempo de sobra para trabalhar forma\u00e7\u00e3o do Ituano-SP sem artilheiro","link":"https:\/\/www.futebolinterior.com.br\/serie-c-mazola-junior-tem-tempo-de-sobra-para-trabalhar-formacao-sem-artilheiro\/","chapeu":"MUDAN\u00c7AS","data":"28\/07\/2021","imagem":"https:\/\/images.futebolinterior.com.br\/2021\/07\/BqA9vAhY-tiago-300x200.jpg","resumo":"Al\u00e9m de Tiago Marques, o Ituano n\u00e3o contar\u00e1 com Kadu Barone"},"1069103":{"titulo":"S\u00e9rie C: Apresentado, novo t\u00e9cnico do Paysandu promete rea\u00e7\u00e3o: 'Reabilita\u00e7\u00e3o \u00e9 nosso primeiro objetivo'","link":"https:\/\/www.futebolinterior.com.br\/serie-c-apresentado-novo-tecnico-do-paysandu-promete-reacao-reabilitacao-e-nosso-primeiro-objetivo\/","chapeu":"CHEGOU!","data":"28\/07\/2021","imagem":"https:\/\/images.futebolinterior.com.br\/2021\/07\/WhatsApp-Image-2021-07-27-at-19-300x200.jpeg","resumo":""},"1069056":{"titulo":"S\u00e9rie C: Focado no acesso, Botafogo-PB tenta repatriar zagueiro que est\u00e1 sem espa\u00e7o em time paulista","link":"https:\/\/www.futebolinterior.com.br\/serie-c-focado-no-acesso-botafogo-pb-tenta-repatriar-zagueiro-que-esta-sem-espaco-em-time-paulista\/","chapeu":"T\u00c1 VOLTANDO!","data":"28\/07\/2021","imagem":"https:\/\/images.futebolinterior.com.br\/2021\/07\/Screenshot-2021-07-28-at-15-23-22-Botafogo-PB-negocia-retorno-de-zagueiro-apos-temporada-no-futebol-paulista-Entre-Linhas-300x199.png","resumo":""},"1068971":{"titulo":"Fernando Henrique, ex-goleiro do Flu, acerta com clube da S\u00e9rie C","link":"https:\/\/www.futebolinterior.com.br\/fernando-henrique-ex-goleiro-do-flu-acerta-com-clube-da-serie-c\/","chapeu":"AOS 37 ANOS","data":"28\/07\/2021","imagem":"https:\/\/images.futebolinterior.com.br\/2021\/07\/FH-300x156.jpg","resumo":"Apesar do Oeste ainda n\u00e3o ter anunciado, o nome de FH j\u00e1 saiu no Boletim Informativo Di\u00e1rio (BID)"},"1068577":{"titulo":"S\u00e9rie C: Brigando pela lideran\u00e7a, elenco do Novorizontino cita dedica\u00e7\u00e3o jogo \u00e0 jogo","link":"https:\/\/www.futebolinterior.com.br\/serie-c-brigando-pela-lideranca-elenco-do-novorizontino-cita-dedicacao-jogo-a-jogo\/","chapeu":"COM TUDO","data":"27\/07\/2021","imagem":"https:\/\/images.futebolinterior.com.br\/2021\/07\/WhatsApp-Image-2021-07-27-at-19.00.57-300x225.jpeg","resumo":""},"1068563":{"titulo":"'Saudades do meu ex'! Time da S\u00e9rie C tenta repatriar goleiro que est\u00e1 em rival do Grupo A","link":"https:\/\/www.futebolinterior.com.br\/saudades-do-meu-ex-time-da-serie-c-tenta-repatriar-goleiro-que-esta-em-rival-do-grupo-a\/","chapeu":"T\u00c1 VOLTANDO?","data":"27\/07\/2021","imagem":"https:\/\/images.futebolinterior.com.br\/2021\/07\/jonathan-capa-1_00185473_0_202001101537-300x200.jpg","resumo":""},"1068406":{"titulo":"Sindicato de Atletas de SP fecha parceria com a Qualicorp","link":"https:\/\/www.futebolinterior.com.br\/sindicato-de-atletas-de-sp-fecha-parceria-com-a-qualicorp\/","chapeu":"MUITO BOM","data":"27\/07\/2021","imagem":"https:\/\/images.futebolinterior.com.br\/2021\/07\/WhatsApp-Image-2021-07-27-at-16.01.56-300x113.jpeg","resumo":""},"1068275":{"titulo":"S\u00e9rie C: Com entorse no p\u00e9 esquerdo, volante vai ao DM e pode virar desfalque no Figueirense","link":"https:\/\/www.futebolinterior.com.br\/serie-c-com-entorse-no-pe-esquerdo-volante-vai-ao-dm-e-pode-virar-desfalque-no-figueirense\/","chapeu":"D\u00daVIDA","data":"27\/07\/2021","imagem":"https:\/\/images.futebolinterior.com.br\/2021\/07\/dener-300x197.jpg","resumo":"Dener Pinheiro foi entregue ao departamento m\u00e9dico ap\u00f3s sofrer uma entorse no p\u00e9 esquerdo durante a partida passada, na sexta-feira"}}