{"1310401":{"titulo":"S\u00e9rie C: Botafogo-SP aposta na volta dos titulares para entrar no G4","link":"https:\/\/www.futebolinterior.com.br\/serie-c-botafogo-sp-aposta-na-volta-dos-titulares-para-entrar-no-g4\/","chapeu":"ATR\u00c1S DO G4","data":"12\/08\/2021","imagem":"https:\/\/images.futebolinterior.com.br\/2021\/08\/botafogo-5-300x199.jpg","resumo":"Walter e Neto Pessoa est\u00e3o \u00e0 disposi\u00e7\u00e3o de Argel Fuchs"},"1307049":{"titulo":"S\u00e9rie C: Kanu, zagueiro e capit\u00e3o do Ypiranga-RS, prega humildade ao time","link":"https:\/\/www.futebolinterior.com.br\/serie-c-kanu-zagueiro-e-capitao-do-ypiranga-rs-prega-humildade-ao-time\/","chapeu":"HUMILDADE","data":"12\/08\/2021","imagem":"https:\/\/images.futebolinterior.com.br\/2021\/08\/WhatsApp-Image-2021-08-09-at-10.31.18-300x200.jpeg","resumo":""},"1270728":{"titulo":"S\u00e9rie C: De olho na reabilita\u00e7\u00e3o, Figueirense tem problemas por les\u00f5es para a pr\u00f3xima rodada","link":"https:\/\/www.futebolinterior.com.br\/serie-c-de-olho-na-reabilitacao-figueirense-tem-problemas-por-lesoes-para-a-proxima-rodada\/","chapeu":"PUTZ","data":"11\/08\/2021","imagem":"https:\/\/images.futebolinterior.com.br\/2021\/08\/E8MfqRxWUA4JoOs-300x200.jpg","resumo":""},"1270369":{"titulo":"Perto do rebaixamento \u00e0 S\u00e9rie D, Paran\u00e1-PR vende grande promessa para clube da S\u00e9rie A","link":"https:\/\/www.futebolinterior.com.br\/perto-do-rebaixamento-a-serie-d-parana-pr-vende-grande-promessa-para-clube-da-serie-a\/","chapeu":"PROMESSA NO GALO","data":"11\/08\/2021","imagem":"https:\/\/images.futebolinterior.com.br\/2021\/08\/parana-300x221.jpeg","resumo":"Jovem tem apenas 17 anos e demonstra potencial"},"1269881":{"titulo":"S\u00e9rie C: Refor\u00e7o do Paysandu-PA fala sobre a reta final: 'Levar como Copa do Mundo'","link":"https:\/\/www.futebolinterior.com.br\/serie-c-reforco-do-paysandu-pa-fala-sobre-a-reta-final-levar-como-copa-do-mundo\/","chapeu":"CHEGOU INSPIRADO","data":"11\/08\/2021","imagem":"https:\/\/images.futebolinterior.com.br\/2021\/08\/Paysandu-1-300x200.jpg","resumo":"Zagueiro estava no Confian\u00e7a"},"1269406":{"titulo":"S\u00e9rie C: Crici\u00fama inicia viagem rumo a Erechim e foca em embalar para seguir no G4 do Grupo B","link":"https:\/\/www.futebolinterior.com.br\/serie-c-criciuma-inicia-viajem-rumo-a-erechim-e-foca-em-embalar-para-seguir-no-g4-do-grupo-b\/","chapeu":"COM TUDO","data":"11\/08\/2021","imagem":"https:\/\/images.futebolinterior.com.br\/2021\/08\/IMG_1868-300x200.jpg","resumo":""},"1269012":{"titulo":"S\u00e9rie C: Ap\u00f3s estreia pelo Botafogo-PB, Tinga se apresenta e afirma: 'Minha meta \u00e9 o acesso'","link":"https:\/\/www.futebolinterior.com.br\/serie-c-apos-estreia-pelo-botafogo-pb-tinga-se-apresenta-e-afirma-minha-meta-e-o-acesso\/","chapeu":"A\u00cd SIM, EIN","data":"11\/08\/2021","imagem":"https:\/\/images.futebolinterior.com.br\/2021\/08\/botafogo-300x233.jpeg","resumo":"Refor\u00e7o entrou em campo na \u00faltima rodada, contra o Paysandu"},"1263397":{"titulo":"S\u00e9rie C: Ituano segue rumor e oficializa chegada de meia ex-Flamengo e Santos","link":"https:\/\/www.futebolinterior.com.br\/serie-c-ituano-segue-rumor-e-oficializa-chegada-de-meia-ex-flamengo-e-santos\/","chapeu":"ELE CHEGOU!","data":"11\/08\/2021","imagem":"https:\/\/images.futebolinterior.com.br\/2021\/08\/E8g_s7ZWUAcy3OA-240x300.jpg","resumo":""},"1262834":{"titulo":"S\u00e9rie C: Brigando pelo G4, Ferrovi\u00e1rio apresenta meia ex-Remo e atacante campe\u00e3o do Paulista A3","link":"https:\/\/www.futebolinterior.com.br\/serie-c-brigando-pelo-g4-ferroviario-apresenta-meia-ex-remo-e-atacante-campeao-do-paulista-a3\/","chapeu":"CHEGARAM!","data":"11\/08\/2021","imagem":"https:\/\/images.futebolinterior.com.br\/2021\/08\/76D83C81-9EA8-4B8A-998C-6DF2B4242E2D-300x225.jpeg","resumo":""},"1229890":{"titulo":"S\u00e9rie C: Novorizontino apresenta goleiro ex-S\u00e3o Bernardo FC e com passagem por Portugal","link":"https:\/\/www.futebolinterior.com.br\/serie-c-novorizontino-apresenta-goleiro-ex-sao-bernardo-fc-e-com-passagem-por-portugal\/","chapeu":"ELE CHEGOU","data":"10\/08\/2021","imagem":"https:\/\/images.futebolinterior.com.br\/2021\/08\/WhatsApp-Image-2021-08-10-at-17.39.33-300x225.jpeg","resumo":""}}